{"id":781515,"date":"2026-02-08T12:54:10","date_gmt":"2026-02-08T12:54:10","guid":{"rendered":"https:\/\/www.europesays.com\/de\/781515\/"},"modified":"2026-02-08T12:54:10","modified_gmt":"2026-02-08T12:54:10","slug":"buecherei-umbau-friedberg-der-aktuelle-stand","status":"publish","type":"post","link":"https:\/\/www.europesays.com\/de\/781515\/","title":{"rendered":"B\u00fccherei-Umbau Friedberg: der aktuelle Stand"},"content":{"rendered":"<p class=\"mb-6 text-xs md:text-m lg:text-l font-serif group-[.font-sans]:font-sans \">\n    Seit Herbst <a href=\"https:\/\/www.augsburger-allgemeine.de\/friedberg\/so-laeuft-der-umzug-der-friedberger-buecherei-ins-ausweichquartier-am-sparkassenplatz-110594795\" target=\"_self\" class=\"underline \" rel=\"nofollow noopener\">befindet sich die Friedberger Stadtb\u00fccherei im Erdgeschoss des Finanz- und Gesundheitszentrums nahe des Krankenhauses<\/a> \u2013 und wird da auch noch ein paar Monate bleiben. Doch noch in diesem Jahr sollen Leseratten wieder in den alten R\u00e4umlichkeiten schm\u00f6kern k\u00f6nnen, zumindest wenn alles nach Plan l\u00e4uft. Die Vorbereitungen f\u00fcr den Umbau in den ehemaligen R\u00e4umen im Pfarrzentrum sind soweit abgeschlossen. Schon bald beginnt die Umsetzung. Das berichtete Pater Steffen Br\u00fchl im Kultur- und Sportausschuss der Stadt <a href=\"https:\/\/www.augsburger-allgemeine.de\/friedberg\/ort\/friedberg\" target=\"_self\" class=\"underline \" rel=\"nofollow noopener\">Friedberg<\/a>: \u201eDie Ausschreibungen sind fast alle durch. Baubeginn ist nach derzeitigem Stand im M\u00e4rz.\u201c Was ist dabei alles geplant?\n  <\/p>\n<p>            B\u00fcchereiumbau in Friedberg soll im M\u00e4rz in die Umsetzung gehen<\/p>\n<p class=\"mb-6 text-xs md:text-m lg:text-l font-serif group-[.font-sans]:font-sans \">\n    Der Haupteingang wird ab den St. Jakobs-Platz verlegt. Er soll sowohl f\u00fcr Menschen mit Behinderung als auch mit dem Kinderwagen gut passierbar sein, etwa durch automatische T\u00fcren, die durch Tastendruck \u00f6ffnen. Zusammen mit neuen Schaufenstern soll die B\u00fccherei dadurch mehr Sichtbarkeit bekommen. \u201eMan wird durch die Schaufenster bis ins Divano schauen k\u00f6nnen\u201c, k\u00fcndigte Br\u00fchl an. Denn die R\u00e4umlichkeiten der B\u00fccherei sollen mit einer Glaswand vom Flur, der in Richtung Divano f\u00fchrt, nur akustisch, nicht aber optisch abgetrennt werden.\n  <\/p>\n<p>      <a href=\"https:\/\/www.augsburger-allgemeine.de\/friedberg\/friedberg-buecherei-und-cafe-divano-werden-zum-begegnungszentrum-103069851\" class=\"hidden  &#010;                md:block md:mr-5 md:min-w-[140px]  aspect-photo md:aspect-tv lg:aspect-tv w-fullXXX relative self-start inline overflow-hidden\" rel=\"nofollow noopener\" target=\"_blank\"><\/p>\n<p>    <img decoding=\"async\" src=\"\" alt=\"Die Friedberger B\u00fccherei wird umgebaut und modernisiert. \" title=\"Die Friedberger B\u00fccherei wird umgebaut und modernisiert. \" loading=\"lazy\" class=\"h-full w-full object-cover\"\/><br \/>\n   <\/a><\/p>\n<p class=\"mb-6 text-xs md:text-m lg:text-l font-serif group-[.font-sans]:font-sans \">\n    Deshalb passt auch das Farbkonzept mit dem im Divano zusammen: ein anthrazitfarbener Teppich (f\u00fcr einen besseren Schallschutz) und orangene Elemente. Insgesamt soll das Konzept deutlich flexibler werden: Die B\u00fccherregale bekommen Rollen und sind so je nach Notwendigkeit verschiebbar. \u201eDadurch k\u00f6nnen wir einen Raum im Raum schaffen, f\u00fcr Ausstellungen oder Gruppenarbeiten\u201c, sagte der Friedberger Stadtpfarrer. Im Erdgeschoss soll insbesondere der Bereich f\u00fcr die Kinderb\u00fccher eingerichtet werden, mit einem Plateau zum Verweilen f\u00fcr die jungen B\u00fcchereibesucherinnen und -besucher, die den ehrenamtlichen Helferinnen und Helfern der B\u00fccherei besonders am Herzen liegen. \u201eDie Schl\u00fcsselkompetenz Lesen ist unter Druck geraten. Wir machen deshalb viel Kinderarbeit, um sie zu erhalten\u201c, so Br\u00fchl.\n  <\/p>\n<p class=\"mb-6 text-xs md:text-m lg:text-l font-serif group-[.font-sans]:font-sans \">\n    Im Untergeschoss, das \u00fcber eine Treppe oder einen Aufzug erreichbar ist, liegt dann der Fokus auf der Literatur f\u00fcr Erwachsene. Auch hier sind Sitz- und Staum\u00f6glichkeiten eingeplant. Der Abschluss der Arbeiten ist f\u00fcr Ende Oktober geplant. Denn dann will man in den neuen R\u00e4umlichkeiten den 110. Geburtstag der B\u00fccherei feiern. \u201eWir hoffen, das wir das einhalten k\u00f6nnen\u201c, sagte der Stadtpfarrer. Bis dahin bleibt die B\u00fccherei <a href=\"https:\/\/www.augsburger-allgemeine.de\/friedberg\/einweihung-des-interimsquartiers-fuer-die-stadtbuecherei-friedberg-am-sparkassenplatzt-111548545\" target=\"_self\" class=\"underline \" rel=\"nofollow noopener\">in den R\u00e4umen der Stadtsparkasse am Sparkassenplatz 1 als Ausweichquartier<\/a>. Den Ausleihzahlen tut das keinen Abbruch, wie ein Blick auf das vergangene Jahr zeigt.\n  <\/p>\n<p>    <img decoding=\"async\" src=\"https:\/\/images.mgpd.de\/img\/101366308\/crop\/c16_9-w100\/1509634727\/756429137\/buecherei.jpg\" alt=\"Der Eingang der B\u00fccherei wird im Rahmen der Umgestaltung von der Ost- auf die Westseite des Pfarrzentrums verlegt. \" title=\"Der Eingang der B\u00fccherei wird im Rahmen der Umgestaltung von der Ost- auf die Westseite des Pfarrzentrums verlegt. \" loading=\"lazy\" class=\"h-full w-full object-cover\"\/><\/p>\n<p>      Icon vergr\u00f6\u00dfern<\/p>\n<p>    Der Eingang der B\u00fccherei wird im Rahmen der Umgestaltung von der Ost- auf die Westseite des Pfarrzentrums verlegt.<br \/>\n    Foto: Thomas Go\u00dfner (Archivbild)<\/p>\n<p>        Schlie\u00dfen <\/p>\n<p>      Icon Schlie\u00dfen<\/p>\n<p>        Icon vergr\u00f6\u00dfern<\/p>\n<p>        Icon verkleinern<\/p>\n<p>      Icon Pfeil bewegen<\/p>\n<p>    Der Eingang der B\u00fccherei wird im Rahmen der Umgestaltung von der Ost- auf die Westseite des Pfarrzentrums verlegt.<br \/>\n    Foto: Thomas Go\u00dfner (Archivbild)<\/p>\n<p>            Stadtb\u00fccherei Friedberg: Ausleihzahlen aus dem Jahr 2025 f\u00fcr die ehrenamtliche B\u00fccherie<\/p>\n<p class=\"mb-6 text-xs md:text-m lg:text-l font-serif group-[.font-sans]:font-sans \">\n    Obwohl die B\u00fccherei wegen des Umzugs f\u00fcr sechs Wochen geschlossen war, gab es keinen Einbruch bei den Ausleihzahlen, Eva Michl vom Team der Stadtb\u00fccherei berichtete. 111.000 Medien wurden insgesamt im Jahr 2025 ausgeliehen. \u201eDamit sind wir in der Di\u00f6zese Augsburg die ausleihst\u00e4rkste ehrenamtlich gef\u00fchrte B\u00fccherei\u201c, so die B\u00fcchereileiterin. Insgesamt gebe es knapp 20.000 Medien im Bestand, au\u00dferdem nochmal rund 76.000 Medien digital. Gut 1200 neue Medien wurden f\u00fcr die B\u00fccherei gekauft; knapp 3100 wurden aussortiert. Im vergangenen Jahr kamen 18.000 Besucherinnen und Besucher in die B\u00fccherei. Registrierte Leserinnen und Leser gibt es 8600, davon kamen im Jahresverlauf 430 neu hinzu.\n  <\/p>\n<p class=\"mb-6 text-xs md:text-m lg:text-l font-serif group-[.font-sans]:font-sans \">\n    Das w\u00e4re alles ohne die vielen ehrenamtlichen Mitarbeiterinnen und Mitarbeiter nicht m\u00f6glich. 17 von ihnen haben insgesamt rund 2700 Stunden geleistet. Daf\u00fcr gab es von den Ausschussmitgliedern ein gro\u00dfes Dankesch\u00f6n.\n  <\/p>\n<p>    Das sind die \u00d6ffnungszeiten der Stadtb\u00fccherei<\/p>\n<ul rel=\"\" class=\"[&amp;&gt;li]:relative list-none  [&amp;&gt;li]:pl-[1.2em] [&amp;&gt;li]:marker:text-[0] [&amp;&gt;li]:relative [&amp;&gt;li]:before:absolute [&amp;&gt;li]:before:w-3 [&amp;&gt;li]:before:h-3 [&amp;&gt;li]:before:bg-brand [&amp;&gt;li]:before:left-0 [&amp;&gt;li]:before:top-[8px] [&amp;&gt;li]:before:rounded-full  my-5\">\n<li class=\" mb-3 text-xs md:text-m lg:text-l\">Sonntag, 9 bis 12 Uhr<\/li>\n<li class=\" mb-3 text-xs md:text-m lg:text-l\">Dienstag, 16.30 bis 19 Uhr<\/li>\n<li class=\" mb-3 text-xs md:text-m lg:text-l\">Mittwoch, 13 bis 17 Uhr<\/li>\n<li class=\" mb-3 text-xs md:text-m lg:text-l\">Donnerstag, 14 bis 17 Uhr<\/li>\n<li class=\" mb-3 text-xs md:text-m lg:text-l\">Freitag, 10 bis 12 Uhr<\/li>\n<\/ul>\n<ul data-module-id=\"DragDropModule\" class=\"flex flex-wrap justify-start group-[.no-bookmarks]:hidden\">\n<li class=\"mb-3 mr-3\">\n    Marina Wagenpfeil<\/p>\n<p>      Icon Haken im Kreis gesetzt<\/p>\n<p>      Icon Plus im Kreis<\/p>\n<\/li>\n<li class=\"mb-3 mr-3\">\n    86316 Friedberg<\/p>\n<p>      Icon Haken im Kreis gesetzt<\/p>\n<p>      Icon Plus im Kreis<\/p>\n<\/li>\n<li class=\"mb-3 mr-3\">\n    Stadtb\u00fccherei<\/p>\n<p>      Icon Haken im Kreis gesetzt<\/p>\n<p>      Icon Plus im Kreis<\/p>\n<\/li>\n<\/ul>\n","protected":false},"excerpt":{"rendered":"Seit Herbst befindet sich die Friedberger Stadtb\u00fccherei im Erdgeschoss des Finanz- und Gesundheitszentrums nahe des Krankenhauses \u2013 und&hellip;\n","protected":false},"author":2,"featured_media":348858,"comment_status":"","ping_status":"","sticky":false,"template":"","format":"standard","meta":{"footnotes":"","_share_on_mastodon":"0"},"categories":[1846],"tags":[680,772,4194,10666,3364,29,176742,548,663,3934,176744,68633,30,13,80,14,15,12,176743,35292,113533],"class_list":["post-781515","post","type-post","status-publish","format-standard","has-post-thumbnail","category-augsburg","tag-augsburg","tag-bayern","tag-bruehl","tag-buecherei","tag-de","tag-deutschland","tag-divano","tag-eu","tag-europa","tag-europe","tag-eva-michl","tag-friedberg","tag-germany","tag-headlines","tag-kultur","tag-nachrichten","tag-news","tag-schlagzeilen","tag-st-jakob-platz","tag-stadtbuecherei","tag-vorarbeit"],"share_on_mastodon":{"url":"https:\/\/pubeurope.com\/@de\/116035116455696057","error":""},"_links":{"self":[{"href":"https:\/\/www.europesays.com\/de\/wp-json\/wp\/v2\/posts\/781515","targetHints":{"allow":["GET"]}}],"collection":[{"href":"https:\/\/www.europesays.com\/de\/wp-json\/wp\/v2\/posts"}],"about":[{"href":"https:\/\/www.europesays.com\/de\/wp-json\/wp\/v2\/types\/post"}],"author":[{"embeddable":true,"href":"https:\/\/www.europesays.com\/de\/wp-json\/wp\/v2\/users\/2"}],"replies":[{"embeddable":true,"href":"https:\/\/www.europesays.com\/de\/wp-json\/wp\/v2\/comments?post=781515"}],"version-history":[{"count":0,"href":"https:\/\/www.europesays.com\/de\/wp-json\/wp\/v2\/posts\/781515\/revisions"}],"wp:featuredmedia":[{"embeddable":true,"href":"https:\/\/www.europesays.com\/de\/wp-json\/wp\/v2\/media\/348858"}],"wp:attachment":[{"href":"https:\/\/www.europesays.com\/de\/wp-json\/wp\/v2\/media?parent=781515"}],"wp:term":[{"taxonomy":"category","embeddable":true,"href":"https:\/\/www.europesays.com\/de\/wp-json\/wp\/v2\/categories?post=781515"},{"taxonomy":"post_tag","embeddable":true,"href":"https:\/\/www.europesays.com\/de\/wp-json\/wp\/v2\/tags?post=781515"}],"curies":[{"name":"wp","href":"https:\/\/api.w.org\/{rel}","templated":true}]}}