{"id":781636,"date":"2026-02-08T14:00:12","date_gmt":"2026-02-08T14:00:12","guid":{"rendered":"https:\/\/www.europesays.com\/de\/781636\/"},"modified":"2026-02-08T14:00:12","modified_gmt":"2026-02-08T14:00:12","slug":"zdf-star-warnt-vor-gil-ofarim-im-dschungelcamp-finale","status":"publish","type":"post","link":"https:\/\/www.europesays.com\/de\/781636\/","title":{"rendered":"ZDF-Star warnt vor Gil Ofarim im Dschungelcamp-Finale"},"content":{"rendered":"<p><a href=\"https:\/\/www.tvspielfilm.de\/news\/tv\/fuer-mich-macht-es-keinen-sinn-gil-ofarim-steht-im-dschungelcamp-halbfinale-erneut-im-kreuzfeuer,13266118,ApplicationArticle.html\" title=\"Gil Ofarim steht im Dschungelcamp-Halbfinale im Kreuzfeuer\" rel=\"nofollow noopener\" target=\"_blank\">Auch an Tag 16 war Gil Ofarim gro\u00dfes Thema im Dschungelcamp<\/a>.\u00a0Am Lagerfeuer konfrontiert Simone Gil direkt: &#8222;Ich verstehe es nicht, vor der Show hast du Hasstiraden bekommen \u2013 zu: du bist immer noch da.&#8220; Auch Gil wirkt \u00fcberrascht \u00fcber den Zuspruch der Zuschauer und dar\u00fcber, dass er weiterhin Teil der Show ist. &#8222;Was ist da drau\u00dfen los&#8220;, fragt Simone in die Runde.<\/p>\n<p>Sie wirft ihm vor, sich in der ersten Woche zur\u00fcckgezogen und devot verhalten zu haben, was f\u00fcr sie wie ein schlechtes Gewissen wirkte: &#8222;Jetzt, wo du merkst, f\u00fcr dich wird angerufen, wechselt sich dein Verhalten in etwas Positiveres \u2013 was f\u00fcr dich gut ist, aber f\u00fcr uns schwer nachzuvollziehen.&#8220; Gil erkl\u00e4rt, dass er sich nur ge\u00f6ffnet habe, weil sich das Verhalten der Mitcamper ihm gegen\u00fcber ge\u00e4ndert habe, nicht wegen der Zuschauer.<\/p>\n<p>Trotz oder wegen Gil Ofarim: <a href=\"https:\/\/www.tvspielfilm.de\/news\/tv\/zdf-muss-zittern-dschungelcamp-sorgt-weiter-fuer-quotenboom,13266214,ApplicationArticle.html\" title=\"Dschungelcamp sorgt weiter f\u00fcr Quotenboom\" rel=\"nofollow noopener\" target=\"_blank\">Das Dschungelcamp holte auch an Tag 16 Top-Quoten.<\/a><\/p>\n","protected":false},"excerpt":{"rendered":"Auch an Tag 16 war Gil Ofarim gro\u00dfes Thema im Dschungelcamp.\u00a0Am Lagerfeuer konfrontiert Simone Gil direkt: &#8222;Ich verstehe&hellip;\n","protected":false},"author":2,"featured_media":781048,"comment_status":"","ping_status":"","sticky":false,"template":"","format":"standard","meta":{"footnotes":"","_share_on_mastodon":"0"},"categories":[155],"tags":[15543,29,176763,933,214,2665,30,21125,54004,215],"class_list":["post-781636","post","type-post","status-publish","format-standard","has-post-thumbnail","category-unterhaltung","tag-buergerkrieg","tag-deutschland","tag-die-stunde-danach","tag-dschungelcamp","tag-entertainment","tag-finale","tag-germany","tag-gil-ofarim","tag-lutz-van-der-horst","tag-unterhaltung"],"share_on_mastodon":{"url":"https:\/\/pubeurope.com\/@de\/116035375936886313","error":""},"_links":{"self":[{"href":"https:\/\/www.europesays.com\/de\/wp-json\/wp\/v2\/posts\/781636","targetHints":{"allow":["GET"]}}],"collection":[{"href":"https:\/\/www.europesays.com\/de\/wp-json\/wp\/v2\/posts"}],"about":[{"href":"https:\/\/www.europesays.com\/de\/wp-json\/wp\/v2\/types\/post"}],"author":[{"embeddable":true,"href":"https:\/\/www.europesays.com\/de\/wp-json\/wp\/v2\/users\/2"}],"replies":[{"embeddable":true,"href":"https:\/\/www.europesays.com\/de\/wp-json\/wp\/v2\/comments?post=781636"}],"version-history":[{"count":0,"href":"https:\/\/www.europesays.com\/de\/wp-json\/wp\/v2\/posts\/781636\/revisions"}],"wp:featuredmedia":[{"embeddable":true,"href":"https:\/\/www.europesays.com\/de\/wp-json\/wp\/v2\/media\/781048"}],"wp:attachment":[{"href":"https:\/\/www.europesays.com\/de\/wp-json\/wp\/v2\/media?parent=781636"}],"wp:term":[{"taxonomy":"category","embeddable":true,"href":"https:\/\/www.europesays.com\/de\/wp-json\/wp\/v2\/categories?post=781636"},{"taxonomy":"post_tag","embeddable":true,"href":"https:\/\/www.europesays.com\/de\/wp-json\/wp\/v2\/tags?post=781636"}],"curies":[{"name":"wp","href":"https:\/\/api.w.org\/{rel}","templated":true}]}}