{"id":781667,"date":"2026-02-08T14:20:15","date_gmt":"2026-02-08T14:20:15","guid":{"rendered":"https:\/\/www.europesays.com\/de\/781667\/"},"modified":"2026-02-08T14:20:15","modified_gmt":"2026-02-08T14:20:15","slug":"motorradunfall-am-spaeten-samstagabend-mit-strassensperrung-in-karlsruhe","status":"publish","type":"post","link":"https:\/\/www.europesays.com\/de\/781667\/","title":{"rendered":"Motorradunfall am sp\u00e4ten Samstagabend mit Stra\u00dfensperrung in Karlsruhe"},"content":{"rendered":"<p class=\"mb-6 text-xs md:text-m lg:text-l font-serif group-[.font-sans]:font-sans \">\n    Eine Motorradfahrerin st\u00fcrzt am sp\u00e4ten Samstagabend, 7. Februar, um 21:20 Uhr an der Kreuzung Amalienstra\u00dfe\/Douglasstra\u00dfe in Karlsruhe. \u201eAn dem Unfall ist kein weiterer Verkehrsteilnehmer beteiligt\u201c, sagt die Polizei Karlsruhe. Die Einsatzkr\u00e4fte sperren die Amalienstra\u00dfe und auch die Douglasstra\u00dfe, w\u00e4hrend sie die Frau versorgen.\n  <\/p>\n<p>            Knochenbr\u00fcche durch Aufprall<\/p>\n<p class=\"mb-6 text-xs md:text-m lg:text-l font-serif group-[.font-sans]:font-sans \">\n    Die Frau erleidet mehrer Knochenbr\u00fcche. Rettungskr\u00e4fte versorgen die Frau an der Unfallstelle und bringen sie im Anschluss in ein umliegendes Krankenhaus. Laut Polizei Karlsruhe besteht keine Lebensgefahr und es handelt sich nicht um schwere Verletzungen. Die genaue Unfallursache ist bislang unbekannt. M\u00f6glicherweise handelt es sich um einen Fahrfehler.\n  <\/p>\n<p>            Schwerer Motorradunfall am Dienstag<\/p>\n<p class=\"mb-6 text-xs md:text-m lg:text-l font-serif group-[.font-sans]:font-sans \">\n    <a href=\"https:\/\/www.ka-news.de\/karlsruhe\/blaulicht\/verkehrsunfall-b3-malsch-fuehrt-zu-schwerem-motorradunfall-und-langer-sperrung-113375731\" target=\"_self\" class=\"underline \" rel=\"nofollow noopener\">Auf der B3 bei Marsch kollidiert am Dienstag ein Motorrafahrer mit einem Auto und erleidet schwere Verletzungen.<\/a> Die Autofahrerin (57) \u00fcbersieht den Motorradfahrer (27) beim \u00dcberholen. Nach dem Zusammensto\u00df f\u00e4hrt der 27-J\u00e4hrige in einen seitlichen Gr\u00fcnstreifen.\n  <\/p>\n<ul data-module-id=\"DragDropModule\" class=\"flex flex-wrap justify-start group-[.no-bookmarks]:hidden\">\n<li class=\"mb-3 mr-3\">\n    Sarah-Christin Gro\u00dfmann<\/p>\n<p>      Icon Haken im Kreis gesetzt<\/p>\n<p>      Icon Plus im Kreis<\/p>\n<\/li>\n<li class=\"mb-3 mr-3\">\n    Stra\u00dfensperrung<\/p>\n<p>      Icon Haken im Kreis gesetzt<\/p>\n<p>      Icon Plus im Kreis<\/p>\n<\/li>\n<li class=\"mb-3 mr-3\">\n    Karlsruhe<\/p>\n<p>      Icon Haken im Kreis gesetzt<\/p>\n<p>      Icon Plus im Kreis<\/p>\n<\/li>\n<\/ul>\n","protected":false},"excerpt":{"rendered":"Eine Motorradfahrerin st\u00fcrzt am sp\u00e4ten Samstagabend, 7. Februar, um 21:20 Uhr an der Kreuzung Amalienstra\u00dfe\/Douglasstra\u00dfe in Karlsruhe. \u201eAn&hellip;\n","protected":false},"author":2,"featured_media":781668,"comment_status":"","ping_status":"","sticky":false,"template":"","format":"standard","meta":{"footnotes":"","_share_on_mastodon":"0"},"categories":[1844],"tags":[513,1634,3364,29,176766,30,2065,8903,6994,121,4085,1284],"class_list":["post-781667","post","type-post","status-publish","format-standard","has-post-thumbnail","category-karlsruhe","tag-auto","tag-baden-wuerttemberg","tag-de","tag-deutschland","tag-douglasstrasse","tag-germany","tag-innenstadt","tag-karlsruhe","tag-motorradunfall","tag-polizei","tag-strassensperrung","tag-unfall"],"share_on_mastodon":{"url":"https:\/\/pubeurope.com\/@de\/116035454599508710","error":""},"_links":{"self":[{"href":"https:\/\/www.europesays.com\/de\/wp-json\/wp\/v2\/posts\/781667","targetHints":{"allow":["GET"]}}],"collection":[{"href":"https:\/\/www.europesays.com\/de\/wp-json\/wp\/v2\/posts"}],"about":[{"href":"https:\/\/www.europesays.com\/de\/wp-json\/wp\/v2\/types\/post"}],"author":[{"embeddable":true,"href":"https:\/\/www.europesays.com\/de\/wp-json\/wp\/v2\/users\/2"}],"replies":[{"embeddable":true,"href":"https:\/\/www.europesays.com\/de\/wp-json\/wp\/v2\/comments?post=781667"}],"version-history":[{"count":0,"href":"https:\/\/www.europesays.com\/de\/wp-json\/wp\/v2\/posts\/781667\/revisions"}],"wp:featuredmedia":[{"embeddable":true,"href":"https:\/\/www.europesays.com\/de\/wp-json\/wp\/v2\/media\/781668"}],"wp:attachment":[{"href":"https:\/\/www.europesays.com\/de\/wp-json\/wp\/v2\/media?parent=781667"}],"wp:term":[{"taxonomy":"category","embeddable":true,"href":"https:\/\/www.europesays.com\/de\/wp-json\/wp\/v2\/categories?post=781667"},{"taxonomy":"post_tag","embeddable":true,"href":"https:\/\/www.europesays.com\/de\/wp-json\/wp\/v2\/tags?post=781667"}],"curies":[{"name":"wp","href":"https:\/\/api.w.org\/{rel}","templated":true}]}}