{"id":781813,"date":"2026-02-08T15:39:34","date_gmt":"2026-02-08T15:39:34","guid":{"rendered":"https:\/\/www.europesays.com\/de\/781813\/"},"modified":"2026-02-08T15:39:34","modified_gmt":"2026-02-08T15:39:34","slug":"strassenbahn-und-auto-kollidieren-15-000-euro-schaden-mannheim","status":"publish","type":"post","link":"https:\/\/www.europesays.com\/de\/781813\/","title":{"rendered":"Stra\u00dfenbahn und Auto kollidieren: 15.000 Euro Schaden &#8211; Mannheim"},"content":{"rendered":"<p><b\/>Rund 15.000 Euro Sachschaden hat laut Polizei am  Freitag kurz vor 18 Uhr ein Unfall in  der Neckarauer Stra\u00dfe in <a class=\"rtr-entity\" data-rtr-entity=\"Mannheim\" data-rtr-id=\"8e39f98d121d00ffdaf4f78a2ae2e7dea2653ba7\" data-rtr-score=\"23.708838821490467\" data-rtr-etype=\"location\" data-rtr-index=\"6\" href=\"https:\/\/www.rheinpfalz.de\/lokal\/mannheim.html?utm_source=rheinpfalz.de&amp;utm_medium=tms&amp;utm_campaign=intext\" rel=\"nofollow noopener\" target=\"_blank\">Mannheim<\/a> verursacht.  Nach derzeitigem Sachstand wollte ein 48-j\u00e4hriger Mercedes-Fahrer, der in Richtung Innenstadt fuhr, an der Kreuzung zur Fabrikstationsstra\u00dfe verbotswidrig wenden und \u00fcbersah dabei eine in gleiche Richtung fahrende Stra\u00dfenbahn, wodurch es zum Zusammensto\u00df der Fahrzeuge kam. Bei der Kollision wurde niemand verletzt. F\u00fcr die Dauer der Unfallaufnahme  war der Schienenverkehr in Richtung Innenstadt f\u00fcr etwa 30 Minuten unterbrochen.<\/p>\n","protected":false},"excerpt":{"rendered":"Rund 15.000 Euro Sachschaden hat laut Polizei am Freitag kurz vor 18 Uhr ein Unfall in der Neckarauer&hellip;\n","protected":false},"author":2,"featured_media":781814,"comment_status":"","ping_status":"","sticky":false,"template":"","format":"standard","meta":{"footnotes":"","_share_on_mastodon":"0"},"categories":[1845],"tags":[1634,3364,29,548,663,3934,30,13,4060,2096,14,65244,15,121,13122,12,4900],"class_list":["post-781813","post","type-post","status-publish","format-standard","has-post-thumbnail","category-mannheim","tag-baden-wuerttemberg","tag-de","tag-deutschland","tag-eu","tag-europa","tag-europe","tag-germany","tag-headlines","tag-lokal","tag-mannheim","tag-nachrichten","tag-neckarauer-strasse","tag-news","tag-polizei","tag-sachschaden","tag-schlagzeilen","tag-strassenbahn"],"share_on_mastodon":{"url":"https:\/\/pubeurope.com\/@de\/116035765216546163","error":""},"_links":{"self":[{"href":"https:\/\/www.europesays.com\/de\/wp-json\/wp\/v2\/posts\/781813","targetHints":{"allow":["GET"]}}],"collection":[{"href":"https:\/\/www.europesays.com\/de\/wp-json\/wp\/v2\/posts"}],"about":[{"href":"https:\/\/www.europesays.com\/de\/wp-json\/wp\/v2\/types\/post"}],"author":[{"embeddable":true,"href":"https:\/\/www.europesays.com\/de\/wp-json\/wp\/v2\/users\/2"}],"replies":[{"embeddable":true,"href":"https:\/\/www.europesays.com\/de\/wp-json\/wp\/v2\/comments?post=781813"}],"version-history":[{"count":0,"href":"https:\/\/www.europesays.com\/de\/wp-json\/wp\/v2\/posts\/781813\/revisions"}],"wp:featuredmedia":[{"embeddable":true,"href":"https:\/\/www.europesays.com\/de\/wp-json\/wp\/v2\/media\/781814"}],"wp:attachment":[{"href":"https:\/\/www.europesays.com\/de\/wp-json\/wp\/v2\/media?parent=781813"}],"wp:term":[{"taxonomy":"category","embeddable":true,"href":"https:\/\/www.europesays.com\/de\/wp-json\/wp\/v2\/categories?post=781813"},{"taxonomy":"post_tag","embeddable":true,"href":"https:\/\/www.europesays.com\/de\/wp-json\/wp\/v2\/tags?post=781813"}],"curies":[{"name":"wp","href":"https:\/\/api.w.org\/{rel}","templated":true}]}}