{"id":781840,"date":"2026-02-08T15:53:14","date_gmt":"2026-02-08T15:53:14","guid":{"rendered":"https:\/\/www.europesays.com\/de\/781840\/"},"modified":"2026-02-08T15:53:14","modified_gmt":"2026-02-08T15:53:14","slug":"regierungskrise-in-london-starmers-stabschef-tritt-wegen-rolle-im-epstein-skandal-zurueck","status":"publish","type":"post","link":"https:\/\/www.europesays.com\/de\/781840\/","title":{"rendered":"Regierungskrise in London: Starmers Stabschef tritt wegen Rolle im Epstein-Skandal zur\u00fcck"},"content":{"rendered":"<p>Regierungskrise in LondonStarmers Stabschef tritt wegen Rolle im Epstein-Skandal zur\u00fcck<\/p>\n<p>08.02.2026, 16:32 Uhr <\/p>\n<p>Artikel anh\u00f6ren(01:50 min)<\/p>\n<p><img decoding=\"async\" class=\"Image_img__fQCi0 Image_Img_16_9__4BLfH widget-picture-inline_maximizable__t_E7h\" loading=\"eager\" fetchpriority=\"high\" src=\"https:\/\/www.europesays.com\/de\/wp-content\/uploads\/2026\/02\/September-29-2025-Liverpool-Merseyside-UK-Liverpool-UK-Downing-Street-Chief-of-Staff-Morgan-McSweene.webp\" alt=\"September-29-2025-Liverpool-Merseyside-UK-Liverpool-UK-Downing-Street-Chief-of-Staff-Morgan-McSweeney-attends-on-the-second-day-of-the-2025-Labour-Party-Conference-at-ACC-in-Liverpool\"\/>Morgan McSweeney gab Ratschl\u00e4ge bei der Besetzung des Botschafter-Postens in Washington. (Foto: picture alliance \/ ZUMAPRESS.com)TeilenFolgen auf:<a href=\"https:\/\/www.whatsapp.com\/channel\/0029Va5cdVJD8SDp5YZgYF01\" title=\"Auf WhatsApp folgen\" target=\"_blank\" rel=\"nofollow noopener\"><img decoding=\"async\" src=\"https:\/\/www.n-tv.de\/socialIcons\/whatsapp.svg\" alt=\"whatsapp\" class=\"ArticleShare_icon__FsrC2\"\/><\/a><a href=\"https:\/\/news.google.com\/publications\/CAAiEPMdif5mpRNxiLOeUpHCwwsqFAgKIhDzHYn-ZqUTcYiznlKRwsML?hl=de&amp;gl=DE&amp;ceid=DE%3Ade\" title=\"Auf Google News folgen\" target=\"_blank\" rel=\"nofollow noopener\"><img decoding=\"async\" src=\"https:\/\/www.n-tv.de\/socialIcons\/google.svg\" alt=\"whatsapp\" class=\"ArticleShare_icon__FsrC2\"\/><\/a><\/p>\n<p class=\"Typography_text-m__XI0da Typography_weight-bold__uT6mq storyline_lead_text_leadtext__q_wg8\">Obwohl Starmer anders als Trump nie Kontakt zu Epstein hatte, wird der Skandal um den Sexualstraft\u00e4ter f\u00fcr die britische Regierung zunehmend zur Bedrohung. Sein Stabschef tritt zur\u00fcck &#8211; es geht um die Ernennung des US-Botschafters, dessen Beziehung zu Epstein bekannt war.<\/p>\n<p class=\"Typography_text-default__P3otY Typography_weight-normal__pqUbH storyline_paragraph_p__qSR5N\">In der Aff\u00e4re um die Epstein-Kontakte eines fr\u00fcheren britischen Ministers hat der Stabschef von Premierminister Keir Starmer \u00fcbereinstimmenden Medienberichten zufolge seinen R\u00fccktritt erkl\u00e4rt. In einem Statement von Morgan McSweeney, das die BBC ver\u00f6ffentlichte, hei\u00dft es, er habe dem Premierminister zur Ernennung von Ex-Minister Peter Mandelson als Botschafter in den USA geraten und &#8222;\u00fcbernehme die volle Verantwortung daf\u00fcr&#8220;. Weiter schreibt der Starmer-Vertraute: &#8222;Die Entscheidung, Peter Mandelson zu ernennen, war falsch.&#8220; Mandelson habe der Labour-Partei, dem Land und dem Vertrauen in die Politik geschadet.<\/p>\n<p class=\"Typography_text-default__P3otY Typography_weight-normal__pqUbH storyline_paragraph_p__qSR5N\">Der fr\u00fchere britische Wirtschaftsminister Mandelson soll engen Kontakt zu dem Sexualstraft\u00e4ter Jeffrey Epstein gehabt und unter anderem w\u00e4hrend der Finanz- und Wirtschaftskrise sensible Informationen an den US-Gesch\u00e4ftsmann weitergegeben haben. Die britische Polizei ermittelt gegen Mandelson, der erst vor rund einem Jahr zum Botschafter in den USA ernannt worden war. Deshalb steht auch Premierminister Keir Starmer in der Sache unter Druck. In den vergangenen Tagen waren Rufe nach dem R\u00fccktritt Starmers laut geworden.<\/p>\n<p class=\"Typography_text-default__P3otY Typography_weight-normal__pqUbH storyline_paragraph_p__qSR5N\">Den Botschafter-Posten verlor Mandelson wegen des Epstein-Skandals bereits im vergangenen Jahr. Zuletzt trat er auch aus der Regierungspartei Labour aus und gab seinen Sitz im Oberhaus des Parlamentes ab.<\/p>\n<p class=\"Typography_text-s__wu_cm Typography_weight-normal__pqUbH Typography_color-darkgrey__sZEnP article-detail-footer_source__KslPc\">Quelle: ntv.de, dsc\/dpa<\/p>\n","protected":false},"excerpt":{"rendered":"Regierungskrise in LondonStarmers Stabschef tritt wegen Rolle im Epstein-Skandal zur\u00fcck 08.02.2026, 16:32 Uhr Artikel anh\u00f6ren(01:50 min) Morgan McSweeney&hellip;\n","protected":false},"author":2,"featured_media":781841,"comment_status":"","ping_status":"","sticky":false,"template":"","format":"standard","meta":{"footnotes":"","_share_on_mastodon":"0"},"categories":[3976],"tags":[331,332,551,13,23542,5554,29537,14,15,16,139,12,3992,3993,3994,3995,3996,3997],"class_list":["post-781840","post","type-post","status-publish","format-standard","has-post-thumbnail","category-vereinigtes-koenigreich","tag-aktuelle-nachrichten","tag-aktuelle-news","tag-grossbritannien","tag-headlines","tag-jeffrey-epstein","tag-keir-starmer","tag-labour-partei","tag-nachrichten","tag-news","tag-politik","tag-regierung","tag-schlagzeilen","tag-uk","tag-united-kingdom","tag-united-kingdom-of-great-britain-and-northern-ireland","tag-vereinigtes-koenigreich","tag-vereinigtes-koenigreich-grossbritannien-und-nordirland","tag-vereinigtes-koenigreich-von-grossbritannien-und-nordirland"],"share_on_mastodon":{"url":"https:\/\/pubeurope.com\/@de\/116035820482700956","error":""},"_links":{"self":[{"href":"https:\/\/www.europesays.com\/de\/wp-json\/wp\/v2\/posts\/781840","targetHints":{"allow":["GET"]}}],"collection":[{"href":"https:\/\/www.europesays.com\/de\/wp-json\/wp\/v2\/posts"}],"about":[{"href":"https:\/\/www.europesays.com\/de\/wp-json\/wp\/v2\/types\/post"}],"author":[{"embeddable":true,"href":"https:\/\/www.europesays.com\/de\/wp-json\/wp\/v2\/users\/2"}],"replies":[{"embeddable":true,"href":"https:\/\/www.europesays.com\/de\/wp-json\/wp\/v2\/comments?post=781840"}],"version-history":[{"count":0,"href":"https:\/\/www.europesays.com\/de\/wp-json\/wp\/v2\/posts\/781840\/revisions"}],"wp:featuredmedia":[{"embeddable":true,"href":"https:\/\/www.europesays.com\/de\/wp-json\/wp\/v2\/media\/781841"}],"wp:attachment":[{"href":"https:\/\/www.europesays.com\/de\/wp-json\/wp\/v2\/media?parent=781840"}],"wp:term":[{"taxonomy":"category","embeddable":true,"href":"https:\/\/www.europesays.com\/de\/wp-json\/wp\/v2\/categories?post=781840"},{"taxonomy":"post_tag","embeddable":true,"href":"https:\/\/www.europesays.com\/de\/wp-json\/wp\/v2\/tags?post=781840"}],"curies":[{"name":"wp","href":"https:\/\/api.w.org\/{rel}","templated":true}]}}