{"id":782044,"date":"2026-02-08T17:43:19","date_gmt":"2026-02-08T17:43:19","guid":{"rendered":"https:\/\/www.europesays.com\/de\/782044\/"},"modified":"2026-02-08T17:43:19","modified_gmt":"2026-02-08T17:43:19","slug":"bundesliga-rb-leipzig-nutzt-beim-1-fc-koeln-patzer-vom-vfb-stuttgart","status":"publish","type":"post","link":"https:\/\/www.europesays.com\/de\/782044\/","title":{"rendered":"Bundesliga: RB Leipzig nutzt beim 1. FC K\u00f6ln Patzer vom VfB Stuttgart"},"content":{"rendered":"<p>Gastgeber im Pech\u00a0<\/p>\n<p>                                    <img decoding=\"async\" src=\"https:\/\/www.europesays.com\/de\/wp-content\/uploads\/2026\/02\/christoph-baumgartner-rb-leipzig-tor-jubel-2026-1770566460-189188.jpg\" title=\"Bundesliga: RB Leipzig nutzt beim 1. FC K\u00f6ln Patzer vom VfB Stuttgart\" alt=\"Bundesliga: RB Leipzig nutzt beim 1. FC K\u00f6ln Patzer vom VfB Stuttgart\"\/><\/p>\n<p>\n                                       \u00a9IMAGO\n                                    <\/p>\n<p><a title=\"RB Leipzig\" href=\"https:\/\/www.transfermarkt.de\/rb-leipzig\/startseite\/verein\/23826\" target=\"_blank\" rel=\"nofollow noopener\">RB Leipzig<\/a> hat sich dank Doppelpacker <a title=\"Christoph Baumgartner\" href=\"https:\/\/www.transfermarkt.de\/christoph-baumgartner\/profil\/spieler\/324278\" target=\"_blank\" rel=\"nofollow noopener\">Christoph Baumgartner<\/a> im Kampf um die Champions-League-Pl\u00e4tze zur\u00fcckgemeldet und den Patzer des VfB Stuttgart beim FC St. Pauli nutzen k\u00f6nnen. Der \u00d6sterreicher f\u00fchrte sein Team mit zwei Treffern (29.\/56. Minute) zu einem hart erk\u00e4mpften 2:1 (1:0)-Sieg beim <a title=\"1.FC K\u00f6ln\" href=\"https:\/\/www.transfermarkt.de\/1fc-k-ln\/startseite\/verein\/3\" target=\"_blank\" rel=\"nofollow noopener\">1. FC K\u00f6ln<\/a>.<\/p>\n<p><\/p>\n<p>Dadurch endete f\u00fcr die Sachsen eine sportliche Mini-Krise in der <a title=\"Bundesliga\" href=\"https:\/\/www.transfermarkt.de\/bundesliga\/startseite\/wettbewerb\/L1\" target=\"_blank\" rel=\"nofollow noopener\">Bundesliga<\/a> mit zuvor zwei sieglosen Partien. F\u00fcr K\u00f6ln traf <a title=\"Jan Thielmann\" href=\"https:\/\/www.transfermarkt.de\/jan-thielmann\/profil\/spieler\/472249\" target=\"_blank\" rel=\"nofollow noopener\">Jan Thielmann<\/a> (51.) zum zwischenzeitlichen Ausgleich. Drei Tage vor dem DFB-Pokal-Viertelfinale beim FC Bayern M\u00fcnchen am Mittwoch schob sich Leipzig in der Bundesliga-Tabelle am VfB Stuttgart vorbei auf Platz vier. Die K\u00f6lner verharren auf Rang zehn \u2013 mit nur vier Z\u00e4hlern Vorsprung auf die Abstiegszone.<\/p>\n<p><\/p>\n<p>RB-Coach Ole Werner hatte seine Startelf nach der 1:2-Pleite gegen Mainz 05 auf drei Positionen umgestellt. Unter anderem gab Benjamin Henrichs nach langer Verletzungspause sein Comeback und Neuzugang Brajan Gruda spielte bei seinem Deb\u00fct direkt von Beginn an.<\/p>\n<p><\/p>\n<p>Auch K\u00f6lns Trainer Lukas Kwasniok musste seine erste Elf neu sortieren, nachdem sich beim 1:0-Sieg gegen den VfL Wolfsburg mit Alessio Castro-Montes (Muskelverletzung) und Linton Maina (Rippenbruch) weitere Stammspieler verletzt hatten. Kwasniok verzichtete aber zun\u00e4chst auf den 18 Jahre alten Neuzugang Felipe Ch\u00e1vez vom FC Bayern, daf\u00fcr stand Jungstar Said El Mala in der Startelf.<\/p>\n<p>Und der 19 Jahre alte K\u00f6lner hatte schon fr\u00fch die ersten Chancen. Doch sein Schuss nach f\u00fcnf Minuten nach einem Konter war kein Problem f\u00fcr RB-Torh\u00fcter P\u00e9ter Gul\u00e1csi. Auf der Gegenseite hatten die G\u00e4ste Pech, als R\u00f4mulo nur den Pfosten (7.) traf.<\/p>\n<p><a class=\"innews\" href=\"https:\/\/www.transfermarkt.de\/vereinsforen-1-liga\/index\/forum\/3\" target=\"_blank\" rel=\"nofollow noopener\"><br \/>\n    <img loading=\"lazy\" decoding=\"async\" class=\"innews\" src=\"https:\/\/www.europesays.com\/de\/wp-content\/uploads\/2025\/06\/banner-vereinsforen-2024-25-bundesliga-1747650050-168146.jpg\" alt=\"\" width=\"503\" height=\"148\"\/><\/p>\n<p><\/a><\/p>\n<p>Die Leipziger waren von Anpfiff an spielbestimmend, hatten viel Ballbesitz und stellten die K\u00f6lner Abwehr oft \u00fcber die schnellen Offensivspieler um Yan Diomande vor Probleme. Doch zwingende M\u00f6glichkeiten blieben anfangs aus. Der F\u00fchrungstreffer fiel auch nicht aus dem Spiel heraus, sondern nach einem Standard: Nach dem Freisto\u00df von David Raum war Baumgartner mit dem Kopf zur Stelle.<\/p>\n<p><\/p>\n<p>K\u00f6ln dagegen setzte auf ein schnelles Umschaltspiel \u2013 und El Mala hatte eine weitere Gro\u00dfchance (22.). Aber der Angreifer schoss den Ball aus halblinker Position am langen Pfosten vorbei. Erst unmittelbar nach der Pause \u00fcbernahmen die Hausherren die Initiative und wurden durch den Ausgleichstreffer von Thielmann belohnt.<\/p>\n<p><a class=\"innews\" href=\"https:\/\/www.transfermarkt.de\/profil\/spielernotenuebersicht\" target=\"_blank\" rel=\"nofollow noopener\"><br \/>\n    <img loading=\"lazy\" decoding=\"async\" class=\"innews\" src=\"https:\/\/www.europesays.com\/de\/wp-content\/uploads\/2025\/11\/bundesliga-noten-2025-26-reitz-raum-innews-1755865041-175534.jpg\" alt=\"\" width=\"503\" height=\"137\"\/><\/p>\n<p><\/a><\/p>\n<p>Aber die Antwort der G\u00e4ste lie\u00df nicht lange auf sich warten: Baumgartner mit einem Drehschuss nach Vorarbeit von Xaver Schlager brachte Leipzig nur f\u00fcnf Minuten sp\u00e4ter erneut in F\u00fchrung. Fortan war es ein umgekehrter Spielverlauf: K\u00f6ln machte das Spiel und dr\u00e4ngte auf den Ausgleich und Leipzig konterte.<\/p>\n<p>Allerdings agierte K\u00f6ln im Abschluss zu ungenau, der letzte Pass kam nicht an. In der 76. Minute hatte K\u00f6ln Pech, als ein m\u00f6glicher Handelfmeter wegen einer vorherigen Abseitsposition nach VAR-Einsatz nicht gegeben wurde. Baumgartner hatte den Ball kurz vor der Linie mit der Hand abgewehrt. In der Schlussphase traf der Leipziger Nusa nochmals den Pfosten (84.).<\/p>\n<p><\/p>\n","protected":false},"excerpt":{"rendered":"Gastgeber im Pech\u00a0 \u00a9IMAGO RB Leipzig hat sich dank Doppelpacker Christoph Baumgartner im Kampf um die Champions-League-Pl\u00e4tze zur\u00fcckgemeldet&hellip;\n","protected":false},"author":2,"featured_media":782045,"comment_status":"","ping_status":"","sticky":false,"template":"","format":"standard","meta":{"footnotes":"","_share_on_mastodon":"0"},"categories":[1830],"tags":[623,1634,299,104306,3364,29,30,3152,1655,1441],"class_list":["post-782044","post","type-post","status-publish","format-standard","has-post-thumbnail","category-stuttgart","tag-1-fc-koeln","tag-baden-wuerttemberg","tag-bundesliga","tag-christoph-baumgartner","tag-de","tag-deutschland","tag-germany","tag-jan-thielmann","tag-rb-leipzig","tag-stuttgart"],"share_on_mastodon":{"url":"https:\/\/pubeurope.com\/@de\/116036252929099814","error":""},"_links":{"self":[{"href":"https:\/\/www.europesays.com\/de\/wp-json\/wp\/v2\/posts\/782044","targetHints":{"allow":["GET"]}}],"collection":[{"href":"https:\/\/www.europesays.com\/de\/wp-json\/wp\/v2\/posts"}],"about":[{"href":"https:\/\/www.europesays.com\/de\/wp-json\/wp\/v2\/types\/post"}],"author":[{"embeddable":true,"href":"https:\/\/www.europesays.com\/de\/wp-json\/wp\/v2\/users\/2"}],"replies":[{"embeddable":true,"href":"https:\/\/www.europesays.com\/de\/wp-json\/wp\/v2\/comments?post=782044"}],"version-history":[{"count":0,"href":"https:\/\/www.europesays.com\/de\/wp-json\/wp\/v2\/posts\/782044\/revisions"}],"wp:featuredmedia":[{"embeddable":true,"href":"https:\/\/www.europesays.com\/de\/wp-json\/wp\/v2\/media\/782045"}],"wp:attachment":[{"href":"https:\/\/www.europesays.com\/de\/wp-json\/wp\/v2\/media?parent=782044"}],"wp:term":[{"taxonomy":"category","embeddable":true,"href":"https:\/\/www.europesays.com\/de\/wp-json\/wp\/v2\/categories?post=782044"},{"taxonomy":"post_tag","embeddable":true,"href":"https:\/\/www.europesays.com\/de\/wp-json\/wp\/v2\/tags?post=782044"}],"curies":[{"name":"wp","href":"https:\/\/api.w.org\/{rel}","templated":true}]}}