{"id":782071,"date":"2026-02-08T17:57:13","date_gmt":"2026-02-08T17:57:13","guid":{"rendered":"https:\/\/www.europesays.com\/de\/782071\/"},"modified":"2026-02-08T17:57:13","modified_gmt":"2026-02-08T17:57:13","slug":"bundesliga-carl-zeiss-jena-bejubelt-in-berlin-zweiten-saisonsieg","status":"publish","type":"post","link":"https:\/\/www.europesays.com\/de\/782071\/","title":{"rendered":"Bundesliga: Carl Zeiss Jena bejubelt in Berlin zweiten Saisonsieg"},"content":{"rendered":"<p>Jena steht gut \u2013 Gl\u00fcck bei Lattenknaller\u00a0<\/p>\n<p class=\"text\">\nDie 5.000 Fans in der Alten F\u00f6rsterei sahen in der ersten Halbzeit ein Spiel auf ein Tor \u2013 n\u00e4mlich das der Th\u00fcringerinnen. Jena konnte aber dank einer engagierten Abwehrleistung gr\u00f6\u00dfere Chancen der Berlinerinnen weitgehend verhindern. Gl\u00fcck hatte der FCC in der 25. Minute, als Lia Kamber den Ball aus 25 Metern an die Latte knallte. Offensiv kamen die G\u00e4ste nahezu nicht vor.\n<\/p>\n<p>Union hilft beim Siegtreffer ordentlich mit<\/p>\n<p class=\"text\">\nDas \u00e4nderte sich nach der Pause, als Jena deutlich engagierter auch nach vorn spielte. Bereits in der 48. Minute hatte Isabella Jaron die Chance zur F\u00fchrung, ihr Querpass wurde aber noch abgewehrt. Auf der anderen Seite war Torfrau Jasmin Janning bei einem Flachschuss zur Stelle (52.).\n<\/p>\n<p class=\"text\">\nIn der 61. Minute f\u00fchrte Jena. Melina Reuter traf aus zehn Metern nach einem sehenswerten Doppelpass mit Suya Haering. Doch nur f\u00fcnf Minuten sp\u00e4ter glich Union aus. Ein harmloser Freisto\u00df von Lisa Heiseler segelte an allen vorbei und landete im linken Eck. In der vierten Nachspielminute jubelte dann aber doch noch mal Jena: Nach einem weiten Ball waren sich die letzte Spielerin der Berliner und die Torfrau nicht einig, Olivia Alcaide stand dadurch pl\u00f6tzlich mit dem Ball vor dem leeren Tor und schob ein.<\/p>\n","protected":false},"excerpt":{"rendered":"Jena steht gut \u2013 Gl\u00fcck bei Lattenknaller\u00a0 Die 5.000 Fans in der Alten F\u00f6rsterei sahen in der ersten&hellip;\n","protected":false},"author":2,"featured_media":782072,"comment_status":"","ping_status":"","sticky":false,"template":"","format":"standard","meta":{"footnotes":"","_share_on_mastodon":"0"},"categories":[1825],"tags":[296,299,36262,29,28492,176822,28495,3236,347,30,7136,81,176823,176824,3499,3498,7258],"class_list":["post-782071","post","type-post","status-publish","format-standard","has-post-thumbnail","category-berlin","tag-berlin","tag-bundesliga","tag-carl-zeiss-jena","tag-deutschland","tag-fcc","tag-fcu","tag-florian-kaestner","tag-frauen","tag-fussball","tag-germany","tag-jena","tag-mdr","tag-melina-reuter","tag-olivia-alcaide","tag-spio","tag-sport-im-osten","tag-union-berlin"],"share_on_mastodon":{"url":"https:\/\/pubeurope.com\/@de\/116036307857080737","error":""},"_links":{"self":[{"href":"https:\/\/www.europesays.com\/de\/wp-json\/wp\/v2\/posts\/782071","targetHints":{"allow":["GET"]}}],"collection":[{"href":"https:\/\/www.europesays.com\/de\/wp-json\/wp\/v2\/posts"}],"about":[{"href":"https:\/\/www.europesays.com\/de\/wp-json\/wp\/v2\/types\/post"}],"author":[{"embeddable":true,"href":"https:\/\/www.europesays.com\/de\/wp-json\/wp\/v2\/users\/2"}],"replies":[{"embeddable":true,"href":"https:\/\/www.europesays.com\/de\/wp-json\/wp\/v2\/comments?post=782071"}],"version-history":[{"count":0,"href":"https:\/\/www.europesays.com\/de\/wp-json\/wp\/v2\/posts\/782071\/revisions"}],"wp:featuredmedia":[{"embeddable":true,"href":"https:\/\/www.europesays.com\/de\/wp-json\/wp\/v2\/media\/782072"}],"wp:attachment":[{"href":"https:\/\/www.europesays.com\/de\/wp-json\/wp\/v2\/media?parent=782071"}],"wp:term":[{"taxonomy":"category","embeddable":true,"href":"https:\/\/www.europesays.com\/de\/wp-json\/wp\/v2\/categories?post=782071"},{"taxonomy":"post_tag","embeddable":true,"href":"https:\/\/www.europesays.com\/de\/wp-json\/wp\/v2\/tags?post=782071"}],"curies":[{"name":"wp","href":"https:\/\/api.w.org\/{rel}","templated":true}]}}