{"id":78215,"date":"2025-05-02T10:11:13","date_gmt":"2025-05-02T10:11:13","guid":{"rendered":"https:\/\/www.europesays.com\/de\/78215\/"},"modified":"2025-05-02T10:11:13","modified_gmt":"2025-05-02T10:11:13","slug":"donald-trump-verunsichert-die-formel-1-und-befeuert-geruechte","status":"publish","type":"post","link":"https:\/\/www.europesays.com\/de\/78215\/","title":{"rendered":"Donald Trump verunsichert die Formel 1 \u2013 und befeuert Ger\u00fcchte"},"content":{"rendered":"<p>Vor dem Gro\u00dfen Preis in Miami <\/p>\n<p>Trump verunsichert die Formel 1 \u2013 und befeuert Ger\u00fcchte<\/p>\n<p>Aktualisiert am 02.05.2025 &#8211; 12:04 UhrLesedauer: 3 Min.<\/p>\n<p><a href=\"#focus-0\" class=\"transition-colors duration-200 focus-within:text-magenta block text-current relative\" data-sctrack=\"FocusGalleryImage.Reference\"><img fetchpriority=\"high\" data-testid=\"Opener.Image\" style=\"--lqipURL:url('https:\/\/images.t-online.de\/2025\/05\/78lDnSwvuefK\/204x173:2037x1146\/fit-in\/150x0\/filters:blur(25)\/donald-trump-beim-grossen-preis-von-miami-vor-einem-jahr-der-us-praesident-koennte-auch-an-diesem-wochenende-wieder-vorbeischauen.jpg')\"   loading=\"eager\" src=\"https:\/\/www.europesays.com\/de\/wp-content\/uploads\/2025\/05\/donald-trump-beim-grossen-preis-von-miami-vor-einem-jahr-der-us-praesident-koennte-auch-an-diesem-wo.jpeg\" alt=\"Donald Trump beim Gro\u00dfen Preis von Miami vor einem Jahr: Der US-Pr\u00e4sident k\u00f6nnte auch an diesem Wochenende wieder vorbeischauen.\" title=\"Donald Trump beim Gro\u00dfen Preis von Miami vor einem Jahr: Der US-Pr\u00e4sident k\u00f6nnte auch an diesem Wochenende wieder vorbeischauen.\" width=\"2037\" height=\"1146\" class=\"bg-[url:var(--lqipURL)] bg-cover bg-center flex w-full max-w-full h-full\" decoding=\"async\"\/><img style=\"--width:32;--height:32\" loading=\"lazy\" src=\"https:\/\/www.europesays.com\/de\/wp-content\/uploads\/2025\/03\/zoom-in.f7dae02f.svg.svg+xml\" alt=\"Vergr\u00f6\u00dfern des Bildes\" title=\"Vergr\u00f6\u00dfern des Bildes\" class=\"&#10;        block&#10;        h-[calc(var(--height)_\/_16_*_1rem)]&#10;        w-[calc(var(--width)_\/_16_*_1rem)]&#10;        max-w-none&#10;        absolute bottom-8 right-8 rounded-4 bg-snow p-8\" decoding=\"async\"\/><\/a><\/p>\n<p>Donald Trump beim Gro\u00dfen Preis von Miami vor einem Jahr: Der US-Pr\u00e4sident k\u00f6nnte auch an diesem Wochenende wieder vorbeischauen. (Quelle: IMAGO\/Jakub Porzycki)<\/p>\n<p class=\"font-bold text-18 leading-17\">Donald Trumps Zollpolitik beeinflusst nicht nur die Weltpolitik, sondern auch den Sport. Auch in der Formel 1 wird wieder viel diskutiert.<\/p>\n<p class=\"text-18 leading-17\">Am Wochenende findet wieder der Gro\u00dfe Preis von Miami statt. Und auch dieses Mal stellt sich die Frage, ob <a class=\"transition-colors duration-200 cursor-pointer text-inherit no-underline text-salemsfur md:hover:text-magenta md:hover:border-magenta md:focus:text-magenta border-current border-b border-solid break-words\" href=\"https:\/\/www.t-online.de\/themen\/donald-trump\/\" data-sctrack=\"BodyAnchor\" target=\"_blank\" rel=\"noopener\">Donald Trump<\/a> vorbeischaut. Im vergangenen Jahr hatte der 78-J\u00e4hrige die 100-Kilometer-Distanz zwischen seiner Residenz in Mar-a-Lago und dem Kurs in Miami auf sich genommen, um sich in seinem pers\u00f6nlichen Vorwahlkampf zu inszenieren.<\/p>\n<p class=\"text-18 leading-17\">Die &#8222;Palm Beach Post&#8220; will nun erfahren haben, dass der US-Pr\u00e4sident daheim in <a class=\"transition-colors duration-200 cursor-pointer text-inherit no-underline text-salemsfur md:hover:text-magenta md:hover:border-magenta md:focus:text-magenta border-current border-b border-solid break-words\" href=\"https:\/\/www.t-online.de\/themen\/florida\/\" data-sctrack=\"BodyAnchor\" target=\"_blank\" rel=\"noopener\">Florida<\/a> weilt und erst am Sonntag seine Residenz wieder verlassen soll. Das befeuert Spekulationen \u00fcber eine erneute Visite des Miami International Autodrome. Ob Trump nun an der Rennstrecke erscheint oder nicht: Sein eingeschlagener Wirtschaftskurs verunsichert auch die <a class=\"transition-colors duration-200 cursor-pointer text-inherit no-underline text-salemsfur md:hover:text-magenta md:hover:border-magenta md:focus:text-magenta border-current border-b border-solid break-words\" href=\"https:\/\/www.t-online.de\/sport\/formel-1\/\" data-sctrack=\"BodyAnchor\" target=\"_blank\" rel=\"noopener\">Formel 1<\/a>. Und zwar erheblich.<\/p>\n<p class=\"text-18 leading-17\">Hintergrund der zunehmenden Nervosit\u00e4t: Die Formel 1 geh\u00f6rt dem US-Konzern Liberty Media. Wenn Trump durch wirtschaftspolitische Entscheidungen Turbulenzen an den M\u00e4rkten ausl\u00f6st, bleibt das am Firmensitz im US-Bundesstaat Colorado nicht unbemerkt. Da die Formel 1 b\u00f6rsennotiert ist, reagieren Kursschwankungen unmittelbar auf solche Entwicklungen.<\/p>\n<p class=\"text-18 leading-17\">Hinzu kommt die besondere Verbindung der Rennserie zu den USA: Drei der 24 Saisonrennen finden dort statt \u2013 in Miami, Austin und <a class=\"transition-colors duration-200 cursor-pointer text-inherit no-underline text-salemsfur md:hover:text-magenta md:hover:border-magenta md:focus:text-magenta border-current border-b border-solid break-words\" href=\"https:\/\/www.t-online.de\/themen\/las-vegas\/\" data-sctrack=\"BodyAnchor\" target=\"_blank\" rel=\"noopener\">Las Vegas<\/a>. Sponsoren und Partner stammen ebenfalls vielfach aus den Vereinigten Staaten. Mit Haas f\u00e4hrt bereits ein US-Team mit, ab 2026 soll Cadillac dazukommen. Auch Red Bull kooperiert ab 2026 mit US-Autobauer Ford.<\/p>\n<p class=\"text-18 leading-17\">Cadillac ist Teil des Konzerns <a class=\"transition-colors duration-200 cursor-pointer text-inherit no-underline text-salemsfur md:hover:text-magenta md:hover:border-magenta md:focus:text-magenta border-current border-b border-solid break-words\" href=\"https:\/\/www.t-online.de\/themen\/general-motors\/\" data-sctrack=\"BodyAnchor\" target=\"_blank\" rel=\"noopener\">General Motors<\/a>, der zuletzt wegen drohender Z\u00f6lle seine Prognosen nach unten korrigierte. Laut einem Schreiben von Vorstandschefin Mary Barra an die Aktion\u00e4re rechnet GM trotz leichter Zollentlastungen weiterhin mit Belastungen in Milliardenh\u00f6he.<\/p>\n<p class=\"text-18 leading-17\">Auch der Werkzeugmaschinenhersteller Haas hat Probleme gemeldet. Aufgrund sinkender Nachfrage infolge der Trump-Z\u00f6lle wurde dort die Produktion reduziert und ein Einstellungsstopp verh\u00e4ngt. Das Formel-1-Team sei davon jedoch nicht betroffen, versicherte die PR-Abteilung des Rennstalls.<\/p>\n<p class=\"text-18 leading-17\">Die Konsequenzen der <a class=\"transition-colors duration-200 cursor-pointer text-inherit no-underline text-salemsfur md:hover:text-magenta md:hover:border-magenta md:focus:text-magenta border-current border-b border-solid break-words\" href=\"https:\/\/www.t-online.de\/themen\/us-zoelle\/\" data-sctrack=\"BodyAnchor\" target=\"_blank\" rel=\"noopener\">US-Z\u00f6lle<\/a> sind bei den in England, Italien und der Schweiz beheimateten Formel-1-Rennst\u00e4llen kaum sp\u00fcrbar. Die Teams beziehen schlie\u00dflich nur wenige Bauteile aus den USA. Nordamerika ist aber f\u00fcr die Autobauer <a class=\"transition-colors duration-200 cursor-pointer text-inherit no-underline text-salemsfur md:hover:text-magenta md:hover:border-magenta md:focus:text-magenta border-current border-b border-solid break-words\" href=\"https:\/\/www.t-online.de\/themen\/ferrari\/\" data-sctrack=\"BodyAnchor\" target=\"_blank\" rel=\"noopener\">Ferrari<\/a> oder Mercedes ein wichtiger Absatzmarkt. Die wahren Auswirkungen auf die Formel-1-Abteilungen k\u00f6nnten sich also erst noch zeigen.<\/p>\n<p class=\"text-18 leading-17\">&#8222;Was sich vor unseren Augen auf globaler Ebene abspielt, ist fast wie ein sozio\u00f6konomisches Experiment&#8220;, meinte Mercedes-Teamchef Toto Wolff am Rande des Formel-1-Rennens in Saudi-Arabien. Die Stimmung bei einigen US-Partnern sei &#8222;negativ, weil sie nicht wissen, was das f\u00fcr ihre Gesch\u00e4fte bedeutet, wie sich die Z\u00f6lle und die geopolitische Lage auf sie auswirken werden.&#8220; Das Formel-1-Team habe das aber bislang nicht getroffen.<\/p>\n<p class=\"text-18 leading-17\">&#8222;Die Formel 1 hat in den vergangenen 20 Jahren einige ziemlich seismische Herausforderungen erlebt. Das Verbot des Tabaksponsorings in der Europ\u00e4ischen Union, die Finanzkrise von 2008, ganz zu schweigen von der weltweiten Pandemie&#8220;, erinnerte der langj\u00e4hrige Formel-1-Manager und heutige Branchenanalyst Mark Gallagher.<\/p>\n<p class=\"text-18 leading-17\">F\u00fcr ihn steht es &#8222;au\u00dfer Frage, dass die Unsicherheit \u00fcber die Beziehungen der Vereinigten Staaten zum Rest der Welt und die wirtschaftlichen Auswirkungen durch die Z\u00f6lle der Trump-Regierung von gro\u00dfer Bedeutung&#8220; sind. &#8222;Das wird sich auch auf die Formel 1 auswirken, ob auf die Autohersteller oder die Sponsoren im Sport.&#8220;<\/p>\n","protected":false},"excerpt":{"rendered":"Vor dem Gro\u00dfen Preis in Miami Trump verunsichert die Formel 1 \u2013 und befeuert Ger\u00fcchte Aktualisiert am 02.05.2025&hellip;\n","protected":false},"author":2,"featured_media":78216,"comment_status":"","ping_status":"","sticky":false,"template":"","format":"standard","meta":{"footnotes":""},"categories":[136],"tags":[722,33465,29,106,6784,1572,33466,30,235,33464,33468,17580,33467,265,64,1060],"class_list":{"0":"post-78215","1":"post","2":"type-post","3":"status-publish","4":"format-standard","5":"has-post-thumbnail","7":"category-sport","8":"tag-722","9":"tag-cadillac","10":"tag-deutschland","11":"tag-donald-trump","12":"tag-florida","13":"tag-formel-1","14":"tag-formel-1-team","15":"tag-germany","16":"tag-geruecht","17":"tag-grosser-preis-von-miami","18":"tag-liberty-media","19":"tag-miami","20":"tag-palm-inc-beach","21":"tag-sport","22":"tag-usa","23":"tag-zollpolitik"},"share_on_mastodon":{"url":"https:\/\/pubeurope.com\/@de\/114437703836538619","error":""},"_links":{"self":[{"href":"https:\/\/www.europesays.com\/de\/wp-json\/wp\/v2\/posts\/78215","targetHints":{"allow":["GET"]}}],"collection":[{"href":"https:\/\/www.europesays.com\/de\/wp-json\/wp\/v2\/posts"}],"about":[{"href":"https:\/\/www.europesays.com\/de\/wp-json\/wp\/v2\/types\/post"}],"author":[{"embeddable":true,"href":"https:\/\/www.europesays.com\/de\/wp-json\/wp\/v2\/users\/2"}],"replies":[{"embeddable":true,"href":"https:\/\/www.europesays.com\/de\/wp-json\/wp\/v2\/comments?post=78215"}],"version-history":[{"count":0,"href":"https:\/\/www.europesays.com\/de\/wp-json\/wp\/v2\/posts\/78215\/revisions"}],"wp:featuredmedia":[{"embeddable":true,"href":"https:\/\/www.europesays.com\/de\/wp-json\/wp\/v2\/media\/78216"}],"wp:attachment":[{"href":"https:\/\/www.europesays.com\/de\/wp-json\/wp\/v2\/media?parent=78215"}],"wp:term":[{"taxonomy":"category","embeddable":true,"href":"https:\/\/www.europesays.com\/de\/wp-json\/wp\/v2\/categories?post=78215"},{"taxonomy":"post_tag","embeddable":true,"href":"https:\/\/www.europesays.com\/de\/wp-json\/wp\/v2\/tags?post=78215"}],"curies":[{"name":"wp","href":"https:\/\/api.w.org\/{rel}","templated":true}]}}