{"id":782201,"date":"2026-02-08T19:11:11","date_gmt":"2026-02-08T19:11:11","guid":{"rendered":"https:\/\/www.europesays.com\/de\/782201\/"},"modified":"2026-02-08T19:11:11","modified_gmt":"2026-02-08T19:11:11","slug":"1-fc-koeln-das-knie-sorgen-um-stuermer-ragnar-ache-sport","status":"publish","type":"post","link":"https:\/\/www.europesays.com\/de\/782201\/","title":{"rendered":"1. FC K\u00f6ln: Das Knie! Sorgen um St\u00fcrmer Ragnar Ache | Sport"},"content":{"rendered":"<p><a class=\"skip-content skip-content--link\" href=\"#in-content-skip-link-target-v-0-0\">TTS-Player \u00fcberspringen\u21b5<\/a><a id=\"in-content-skip-link-target-v-0-0\" class=\"skip-content--target-link-hidden skip-content skip-content--target-link\" href=\"#in-content-skip-link-target-v-0-0\">Artikel weiterlesen<\/a><\/p>\n<p><b>Ein gebrauchter Nachmittag f\u00fcr K\u00f6ln: 1:2-Pleite gegen Leipzig, mal wieder Frust \u00fcber den Video-Schiri und jetzt auch noch Sorgen um Ragnar Ache (27)!<\/b><\/p>\n<p>Der St\u00fcrmer musste kurz vor Schluss verletzt ausgewechselt werden und humpelte vom Platz. \u201eEr hat etwas im Knie gesp\u00fcrt. Wir m\u00fcssen abwarten. Die Schmerzen waren aber nicht allzu gro\u00df\u201c, sagt Trainer Lukas Kwasniok (44), \u201evon daher bin ich erstmal positiv gestimmt.\u201c Ache wird am Montag in der K\u00f6lner Mediapark-Klinik genauer untersucht.<\/p>\n<p>K\u00f6ln hatte schon vor dem Leipzig-Spiel gro\u00dfe Verletzungssorgen, musste auf sechs Spieler verzichten. Auch <a href=\"https:\/\/www.bild.de\/sport\/fussball\/1-fc-koeln\/startseite-koeln-31148750.bild.html\" class=\"text-link\" rel=\"nofollow noopener\" target=\"_blank\">El Mala (19) <\/a>hatte einen Schlag abbekommen. Kwasniok gab aber gleich Entwarnung: \u201eDas ist nichts wildes.\u201c<\/p>\n<p>Krau\u00df: \u201eWir m\u00fcssen punkten\u201c<\/p>\n<p>Sorgen macht auch langsam wieder der <a href=\"https:\/\/www.bild.de\/sport\/fussball\/bundesliga\/bundesliga-startseite-52368768.bild.html\" class=\"text-link\" rel=\"nofollow noopener\" target=\"_blank\">Blick auf die Tabelle<\/a>. Auf einen direkten Abstiegsplatz sind es nur noch sechs Punkte. Tom Krau\u00df (24): \u201eEs ist bitter, wir m\u00fcssen punkten. Die unten schlafen nicht, das wissen wir auch.\u201c<\/p>\n<p>Torsch\u00fctze Jan Thielmann (23): \u201eWir waren mindestens auf Augenh\u00f6he mit Leipzig und haben ein gutes Spiel gemacht. Ein 2:2 w\u00e4re am Ende verdient gewesen.\u201c<\/p>\n","protected":false},"excerpt":{"rendered":"TTS-Player \u00fcberspringen\u21b5Artikel weiterlesen Ein gebrauchter Nachmittag f\u00fcr K\u00f6ln: 1:2-Pleite gegen Leipzig, mal wieder Frust \u00fcber den Video-Schiri und&hellip;\n","protected":false},"author":2,"featured_media":782202,"comment_status":"","ping_status":"","sticky":false,"template":"","format":"standard","meta":{"footnotes":"","_share_on_mastodon":"0"},"categories":[1828],"tags":[623,14285,29,538,30,1420,20101,1209,1655,819,45],"class_list":["post-782201","post","type-post","status-publish","format-standard","has-post-thumbnail","category-koeln","tag-1-fc-koeln","tag-ache-ragnar","tag-deutschland","tag-erste-bundesliga","tag-germany","tag-koeln","tag-kwasniok-lukas","tag-nordrhein-westfalen","tag-rb-leipzig","tag-sport-leuchtturm-essen","tag-texttospeech"],"share_on_mastodon":{"url":"https:\/\/pubeurope.com\/@de\/116036598963320430","error":""},"_links":{"self":[{"href":"https:\/\/www.europesays.com\/de\/wp-json\/wp\/v2\/posts\/782201","targetHints":{"allow":["GET"]}}],"collection":[{"href":"https:\/\/www.europesays.com\/de\/wp-json\/wp\/v2\/posts"}],"about":[{"href":"https:\/\/www.europesays.com\/de\/wp-json\/wp\/v2\/types\/post"}],"author":[{"embeddable":true,"href":"https:\/\/www.europesays.com\/de\/wp-json\/wp\/v2\/users\/2"}],"replies":[{"embeddable":true,"href":"https:\/\/www.europesays.com\/de\/wp-json\/wp\/v2\/comments?post=782201"}],"version-history":[{"count":0,"href":"https:\/\/www.europesays.com\/de\/wp-json\/wp\/v2\/posts\/782201\/revisions"}],"wp:featuredmedia":[{"embeddable":true,"href":"https:\/\/www.europesays.com\/de\/wp-json\/wp\/v2\/media\/782202"}],"wp:attachment":[{"href":"https:\/\/www.europesays.com\/de\/wp-json\/wp\/v2\/media?parent=782201"}],"wp:term":[{"taxonomy":"category","embeddable":true,"href":"https:\/\/www.europesays.com\/de\/wp-json\/wp\/v2\/categories?post=782201"},{"taxonomy":"post_tag","embeddable":true,"href":"https:\/\/www.europesays.com\/de\/wp-json\/wp\/v2\/tags?post=782201"}],"curies":[{"name":"wp","href":"https:\/\/api.w.org\/{rel}","templated":true}]}}