{"id":78221,"date":"2025-05-02T10:14:07","date_gmt":"2025-05-02T10:14:07","guid":{"rendered":"https:\/\/www.europesays.com\/de\/78221\/"},"modified":"2025-05-02T10:14:07","modified_gmt":"2025-05-02T10:14:07","slug":"1151-analyst-bei-apple-geraet-aktuell-einiges-in-bewegung-n-tv","status":"publish","type":"post","link":"https:\/\/www.europesays.com\/de\/78221\/","title":{"rendered":"11:51 Analyst: Bei Apple ger\u00e4t aktuell einiges in Bewegung &#8211; N-TV"},"content":{"rendered":"<ol>\n<li><a href=\"https:\/\/news.google.com\/rss\/articles\/CBMipAFBVV95cUxPWU1XcDJHNUVUallBM2g3d0N6eFpQcGVLdjZSZmEyWkE0SVN3SkVtOHNuaThxRVFkV2R3U0NUZ09wdC1Nb255blh0cmtUSlIzNHZDZjJBT1hiUFBhXzhBbGFDdGM2ZklncVJWR2d6REdjckRfVy1iM25EdHV3MGpDN3VmQm9walozcmRVa1lKWlZYY2FreGxQdlQyU3FTbGJ4a2Ywbw?oc=5\" target=\"_blank\" rel=\"nofollow noopener\">11:51 Analyst: Bei Apple ger\u00e4t aktuell einiges in Bewegung<\/a>&nbsp;&nbsp;N-TV<\/li>\n<li><a href=\"https:\/\/news.google.com\/rss\/articles\/CBMifEFVX3lxTE1FQlRsOHFZTm5VclFtOS1zaDYtTDlwNk91MEVqOGdEaXRheGliMmxMMS1MbTVoUHpjQmYzdXVmby1NbjVqTl9NTW5JQ2NrTWF5eWNGd2J5QklVRXJrQnRvRDFCN2hfMy1JNTBZTVc1bHZqbnpYM3FlOVN3ZlI?oc=5\" target=\"_blank\" rel=\"nofollow noopener\">Apple mit Gewinn &#8211; und Sorge vor hohen Zusatzkosten<\/a>&nbsp;&nbsp;tagesschau.de<\/li>\n<li><a href=\"https:\/\/news.google.com\/rss\/articles\/CBMi0gFBVV95cUxQVEEzZC1pOHk2elg3dDdYM3BEVFViRUxkdHlyRmtWUlczeVptLS1zb2hsV1JXVVo0WWZ1RDBLRjRfWC1YaW9ONUtPeEFOanB3ZkRJNUdKS0RydV91ZmVraGFvalJUZVlBa3NDVEdHaFpXek1KSnpURzd0ck92aF83S084YkhfT3lDR0Rjb0RMZ3QzOUNnMDFfV0FBYjY3R042bll3cWZVVjh0QzRRQURDQzh1bXpfMDk1TTBhV29FNUE2OVlUQjFvZ1NOOTFxeW9LblE?oc=5\" target=\"_blank\" rel=\"nofollow noopener\">Donald Trumps Z\u00f6lle: Apple profitiert von iPhone-Hamsterk\u00e4ufen<\/a>&nbsp;&nbsp;Spiegel<\/li>\n<li><a href=\"https:\/\/news.google.com\/rss\/articles\/CBMiuwFBVV95cUxNYUVlU1RIWlZ3MklDd0NxQlh4bXJEYjNYdVlEeXBYSjJEbmlySXV6OUxXWldMenM2WkpNUzZrRFlsMVEwZ3NjV3ZiX3VNS2ZOQ3RlRHlHbkY0Y3liVzlBRmZ4SkVBN1B0UlBXSGRRNEdRcjFRRmlxVkZGX3JjSWFuSk5aSXlDYzJSaFM0VEpNVWJma29VcFZnYlBJU1RieE9sLW8tdFVTZVpISjhnanlnUDFFRUNnZV9jYXVZ?oc=5\" target=\"_blank\" rel=\"nofollow noopener\">iPhone-Konzern: Apple: 900 Millionen Dollar Mehrkosten durch Trumps Z\u00f6lle<\/a>&nbsp;&nbsp;Handelsblatt<\/li>\n<li><a href=\"https:\/\/news.google.com\/rss\/articles\/CBMitAFBVV95cUxPT1drbmpJbE1fNWNsNk1xa0pKQi1QTkZLZDBSVHZENXNHMHJqc0lFRTFzdWJlV2w2TmhXNW12U3BRNWc5VjN6c1RydDk3cmZpR0MyMHh3SmxSQ1h2WGw2QXdZYWhWTnQwX01wOGt6dVc4ejBfNnAwME9hNnU0OWdrMVYtaXVNQmRLMWl1RFI2QTR4SXpGM3pFOVFsRTFHb1ptTU1RNzI2blk0RHg0WWktSC15QU4?oc=5\" target=\"_blank\" rel=\"nofollow noopener\">Trumps Z\u00f6lle erh\u00f6hen Kosten f\u00fcr Apple um 900 Millionen Dollar<\/a>&nbsp;&nbsp;derStandard.de<\/li>\n<\/ol>\n","protected":false},"excerpt":{"rendered":"11:51 Analyst: Bei Apple ger\u00e4t aktuell einiges in Bewegung&nbsp;&nbsp;N-TV Apple mit Gewinn &#8211; und Sorge vor hohen Zusatzkosten&nbsp;&nbsp;tagesschau.de&hellip;\n","protected":false},"author":2,"featured_media":78222,"comment_status":"","ping_status":"","sticky":false,"template":"","format":"standard","meta":{"footnotes":"","_share_on_mastodon":"0"},"categories":[134],"tags":[33473,231,11636,703,1752,175,170,169,282,29,30,171,174,173,172],"class_list":["post-78221","post","type-post","status-publish","format-standard","has-post-thumbnail","category-unternehmen-maerkte","tag-analyst","tag-apple","tag-bei","tag-bewegung","tag-boersen-tag","tag-business","tag-companies","tag-companies-markets","tag-der","tag-deutschland","tag-germany","tag-markets","tag-maerkte","tag-unternehmen","tag-unternehmen-maerkte"],"share_on_mastodon":{"url":"https:\/\/pubeurope.com\/@de\/114437715614770881","error":""},"_links":{"self":[{"href":"https:\/\/www.europesays.com\/de\/wp-json\/wp\/v2\/posts\/78221","targetHints":{"allow":["GET"]}}],"collection":[{"href":"https:\/\/www.europesays.com\/de\/wp-json\/wp\/v2\/posts"}],"about":[{"href":"https:\/\/www.europesays.com\/de\/wp-json\/wp\/v2\/types\/post"}],"author":[{"embeddable":true,"href":"https:\/\/www.europesays.com\/de\/wp-json\/wp\/v2\/users\/2"}],"replies":[{"embeddable":true,"href":"https:\/\/www.europesays.com\/de\/wp-json\/wp\/v2\/comments?post=78221"}],"version-history":[{"count":0,"href":"https:\/\/www.europesays.com\/de\/wp-json\/wp\/v2\/posts\/78221\/revisions"}],"wp:featuredmedia":[{"embeddable":true,"href":"https:\/\/www.europesays.com\/de\/wp-json\/wp\/v2\/media\/78222"}],"wp:attachment":[{"href":"https:\/\/www.europesays.com\/de\/wp-json\/wp\/v2\/media?parent=78221"}],"wp:term":[{"taxonomy":"category","embeddable":true,"href":"https:\/\/www.europesays.com\/de\/wp-json\/wp\/v2\/categories?post=78221"},{"taxonomy":"post_tag","embeddable":true,"href":"https:\/\/www.europesays.com\/de\/wp-json\/wp\/v2\/tags?post=78221"}],"curies":[{"name":"wp","href":"https:\/\/api.w.org\/{rel}","templated":true}]}}