{"id":782753,"date":"2026-02-09T00:30:16","date_gmt":"2026-02-09T00:30:16","guid":{"rendered":"https:\/\/www.europesays.com\/de\/782753\/"},"modified":"2026-02-09T00:30:16","modified_gmt":"2026-02-09T00:30:16","slug":"dschungelcamp-stars-schwaermen-im-finale-vom-essen-nur-simone-ballack-verschlaegt-es-den-appetit","status":"publish","type":"post","link":"https:\/\/www.europesays.com\/de\/782753\/","title":{"rendered":"Dschungelcamp-Stars schw\u00e4rmen im Finale vom Essen \u2013 nur Simone Ballack verschl\u00e4gt es den Appetit"},"content":{"rendered":"<p>                                                                        Patrick Romer gibt Wasser in die Pfanne \u2013 Simone Ballack glaubt es kaum<\/p>\n<p>Die Situation ger\u00e4t dann v\u00f6llig au\u00dfer Kontrolle, als Romer Wasser in die Pfanne mit dem erspielten Gem\u00fcse gibt. Das kann nicht sein, denkt sich Simone, die nie zuvor Wasser in die Pfanne gegeben hat. Die Emotionen kochen bei Simone \u00fcber, sagen tut sie aber nichts.<\/p>\n<p>Dann ist das Essen fertig. Die Mitcamper kommen aus dem Schw\u00e4rmen nicht mehr raus. &#8222;Boah, ist das lecker&#8220;, sagt Samira Yavuz etwa. Das Fazit von Simone Ballack: &#8222;So salzig, das brennt mir direkt im Hals.&#8220;<\/p>\n<p>Wer gewinnt das <a href=\"https:\/\/www.tvspielfilm.de\/news\/tv\/wer-gewinnt-das-dschungelcamp-2026-leser-umfrage-kuert-eindeutigen-favoriten,13266250,ApplicationArticle.html\" rel=\"nofollow noopener\" target=\"_blank\">Dschungelcamp 2026? Leser-Umfrage k\u00fcrt eindeutigen Favoriten<\/a>.<\/p>\n","protected":false},"excerpt":{"rendered":"Patrick Romer gibt Wasser in die Pfanne \u2013 Simone Ballack glaubt es kaum Die Situation ger\u00e4t dann v\u00f6llig&hellip;\n","protected":false},"author":2,"featured_media":782754,"comment_status":"","ping_status":"","sticky":false,"template":"","format":"standard","meta":{"footnotes":"","_share_on_mastodon":"0"},"categories":[1834],"tags":[3364,29,933,3688,30,1209,640,129721],"class_list":["post-782753","post","type-post","status-publish","format-standard","has-post-thumbnail","category-essen","tag-de","tag-deutschland","tag-dschungelcamp","tag-essen","tag-germany","tag-nordrhein-westfalen","tag-rtl","tag-simone-ballack"],"share_on_mastodon":{"url":"https:\/\/pubeurope.com\/@de\/116037853116658730","error":""},"_links":{"self":[{"href":"https:\/\/www.europesays.com\/de\/wp-json\/wp\/v2\/posts\/782753","targetHints":{"allow":["GET"]}}],"collection":[{"href":"https:\/\/www.europesays.com\/de\/wp-json\/wp\/v2\/posts"}],"about":[{"href":"https:\/\/www.europesays.com\/de\/wp-json\/wp\/v2\/types\/post"}],"author":[{"embeddable":true,"href":"https:\/\/www.europesays.com\/de\/wp-json\/wp\/v2\/users\/2"}],"replies":[{"embeddable":true,"href":"https:\/\/www.europesays.com\/de\/wp-json\/wp\/v2\/comments?post=782753"}],"version-history":[{"count":0,"href":"https:\/\/www.europesays.com\/de\/wp-json\/wp\/v2\/posts\/782753\/revisions"}],"wp:featuredmedia":[{"embeddable":true,"href":"https:\/\/www.europesays.com\/de\/wp-json\/wp\/v2\/media\/782754"}],"wp:attachment":[{"href":"https:\/\/www.europesays.com\/de\/wp-json\/wp\/v2\/media?parent=782753"}],"wp:term":[{"taxonomy":"category","embeddable":true,"href":"https:\/\/www.europesays.com\/de\/wp-json\/wp\/v2\/categories?post=782753"},{"taxonomy":"post_tag","embeddable":true,"href":"https:\/\/www.europesays.com\/de\/wp-json\/wp\/v2\/tags?post=782753"}],"curies":[{"name":"wp","href":"https:\/\/api.w.org\/{rel}","templated":true}]}}