{"id":783015,"date":"2026-02-09T03:09:08","date_gmt":"2026-02-09T03:09:08","guid":{"rendered":"https:\/\/www.europesays.com\/de\/783015\/"},"modified":"2026-02-09T03:09:08","modified_gmt":"2026-02-09T03:09:08","slug":"bahn-gewerkschaftschef-sieht-neue-schlimme-qualitaet","status":"publish","type":"post","link":"https:\/\/www.europesays.com\/de\/783015\/","title":{"rendered":"Bahn-Gewerkschaftschef sieht \u201eneue, schlimme Qualit\u00e4t\u201c"},"content":{"rendered":"<p>    <a href=\"https:\/\/www.idowa.de\/storage\/image\/6\/4\/2\/0\/940246_fancybox_1FwSzd_RGggYc.webp\" data-fcms-id=\"940246\" data-fcms-treeid=\"64782\" class=\"openExtThumb-940246\" data-caption=\"&lt;p&gt;Daniel L\u00f6b\/dpa&lt;\/p&gt;&lt;p&gt;Martin Burkert nahm am N\u00fcrnberger Bahnhof an der Schweigeminute f\u00fcr den get\u00f6teten Zugbegleiter teil.&lt;\/p&gt;\" rel=\"nofollow noopener\" target=\"_blank\"><br \/>\n      <img decoding=\"async\" fetchpriority=\"high\" src=\"https:\/\/www.europesays.com\/de\/wp-content\/uploads\/2026\/02\/940246_s100_1FwSzd_AtgsRH.jpg\" alt=\"Martin Burkert nahm am N\u00fcrnberger Bahnhof an der Schweigeminute f\u00fcr den get\u00f6teten Zugbegleiter teil.\" title=\"Martin Burkert nahm am N\u00fcrnberger Bahnhof an der Schweigeminute f\u00fcr den get\u00f6teten Zugbegleiter teil.\" width=\"956\" height=\"538\"\/><br \/>\n    <\/a><\/p>\n<p class=\"copyright mb-0\">Daniel L\u00f6b\/dpa<\/p>\n<p class=\"subline mb-0\">\n        Martin Burkert nahm am N\u00fcrnberger Bahnhof an der Schweigeminute f\u00fcr den get\u00f6teten Zugbegleiter teil.\n       <\/p>\n<p>Von dpa<\/p>\n<p>\n        4. Februar 2026<\/p>\n<p>          Stand: 16:39 Uhr<\/p>\n<p>Durch den t\u00f6dlichen Angriff auf einen Zugbegleiter in Rheinland-Pfalz sieht der Vorsitzende der Eisenbahn- und Verkehrsgewerkschaft (EVG) f\u00fcr Bahnmitarbeiter eine \u201eneue, schlimme Qualit\u00e4t\u201c erreicht.<\/p>\n<p>\u201eDer Kollege hat keinen Fehler gemacht, soweit wir wissen, ist behutsam vorgegangen und ist am Ende seinen schweren Kopfverletzungen erlegen, obwohl es noch Hilfe im Zug gab\u201c, sagte EVG-Chef Martin Burkert am N\u00fcrnberger Hauptbahnhof. Dort fand wie an mehreren Bahnh\u00f6fen bundesweit um 15.00 Uhr eine Schweigeminute statt.<\/p>\n<p>Eine Umfrage der Gewerkschaft unter Bahnmitarbeitern habe ergeben, dass 32 Prozent der Befragten Angst h\u00e4tten, in die Arbeit zu gehen, sagte Burkert. \u201eDas ist ein unglaublich hoher Wert.\u201c<\/p>\n<p>Um die Sicherheit von Zugbegleiterinnen und Zugbegleitern zu verbessern, fordere die Gewerkschaft seit langem vor allem eine Doppelbesetzung in Regionalz\u00fcgen &#8211; damit nicht ein Mitarbeiter allein im Zug unterwegs sein muss.<\/p>\n<p>\u201eDaf\u00fcr sind die L\u00e4nder verantwortlich\u201c, sagte Burkert. \u201eDie m\u00fcssen einfach eine Doppelbesetzung bezahlen.\u201c Helfen w\u00fcrde aus seiner Sicht auch, Bahnmitarbeiter durchgehend mit Bodycams auszustatten und das Angebot von Notfallkn\u00f6pfen auszuweiten.<\/p>\n<p>\n      Dieser Artikel ist Teil eines automatisierten Angebots der Deutschen Presse-Agentur (dpa). Er wird von der idowa-Redaktion nicht bearbeitet oder gepr\u00fcft.\n    <\/p>\n","protected":false},"excerpt":{"rendered":"Daniel L\u00f6b\/dpa Martin Burkert nahm am N\u00fcrnberger Bahnhof an der Schweigeminute f\u00fcr den get\u00f6teten Zugbegleiter teil. Von dpa&hellip;\n","protected":false},"author":2,"featured_media":783016,"comment_status":"","ping_status":"","sticky":false,"template":"","format":"standard","meta":{"footnotes":"","_share_on_mastodon":"0"},"categories":[1837],"tags":[772,3364,29,30,176920,78519,117445,3783],"class_list":["post-783015","post","type-post","status-publish","format-standard","has-post-thumbnail","category-nuernberg","tag-bayern","tag-de","tag-deutschland","tag-germany","tag-gewerkschaftsbosse","tag-hauptbahnhoefe","tag-martin-burkert","tag-nuernberg"],"share_on_mastodon":{"url":"https:\/\/pubeurope.com\/@de\/116038478770141140","error":""},"_links":{"self":[{"href":"https:\/\/www.europesays.com\/de\/wp-json\/wp\/v2\/posts\/783015","targetHints":{"allow":["GET"]}}],"collection":[{"href":"https:\/\/www.europesays.com\/de\/wp-json\/wp\/v2\/posts"}],"about":[{"href":"https:\/\/www.europesays.com\/de\/wp-json\/wp\/v2\/types\/post"}],"author":[{"embeddable":true,"href":"https:\/\/www.europesays.com\/de\/wp-json\/wp\/v2\/users\/2"}],"replies":[{"embeddable":true,"href":"https:\/\/www.europesays.com\/de\/wp-json\/wp\/v2\/comments?post=783015"}],"version-history":[{"count":0,"href":"https:\/\/www.europesays.com\/de\/wp-json\/wp\/v2\/posts\/783015\/revisions"}],"wp:featuredmedia":[{"embeddable":true,"href":"https:\/\/www.europesays.com\/de\/wp-json\/wp\/v2\/media\/783016"}],"wp:attachment":[{"href":"https:\/\/www.europesays.com\/de\/wp-json\/wp\/v2\/media?parent=783015"}],"wp:term":[{"taxonomy":"category","embeddable":true,"href":"https:\/\/www.europesays.com\/de\/wp-json\/wp\/v2\/categories?post=783015"},{"taxonomy":"post_tag","embeddable":true,"href":"https:\/\/www.europesays.com\/de\/wp-json\/wp\/v2\/tags?post=783015"}],"curies":[{"name":"wp","href":"https:\/\/api.w.org\/{rel}","templated":true}]}}