{"id":783340,"date":"2026-02-09T06:21:16","date_gmt":"2026-02-09T06:21:16","guid":{"rendered":"https:\/\/www.europesays.com\/de\/783340\/"},"modified":"2026-02-09T06:21:16","modified_gmt":"2026-02-09T06:21:16","slug":"buerokratie-irrsinn-verhindert-nachtruhe-der-berliner","status":"publish","type":"post","link":"https:\/\/www.europesays.com\/de\/783340\/","title":{"rendered":"B\u00fcrokratie-Irrsinn verhindert Nachtruhe der Berliner"},"content":{"rendered":"<p class=\"expressive-copy-lg-body\"><strong>Liebe Leserin, lieber Leser,<\/strong><\/p>\n<p class=\"expressive-copy-lg-body\">was wird heute wichtig? Beginnen wir mit einem Blick auf die Termine des Tages: <\/p>\n<p class=\"expressive-copy-lg-body\">\u2022 Heute beginnt der Ticket-Vorverkauf f\u00fcr die Berlinale. Die Tickets werden jeweils drei Tage vor der jeweiligen Vorstellung um 10 Uhr freigeschaltet. Au\u00dferdem k\u00f6nnen Tickets an Theaterkassen gekauft werden. Pro Person und Vorstellung k\u00f6nnen maximal 2 Tickets gekauft werden. F\u00fcr Vorstellungen der Kategorie Generation k\u00f6nnen bis zu 5 Tickets gekauft werden.<\/p>\n<p>            Morgenpost der Chefredaktion<\/p>\n<p>Die ersten News des Tages \u2013 direkt von der Chefredaktion. Montag bis Samstag um 6:30 Uhr.<\/p>\n<p>            <img decoding=\"async\" src=\"https:\/\/www.europesays.com\/de\/wp-content\/uploads\/2026\/02\/1770318612_679_newsletter-envelope.png\" alt=\"Newsletter Illustration\" class=\"h-full w-full max-w-full object-cover md:max-w-[226px] lg:max-w-[234px]\" loading=\"lazy\"\/><\/p>\n<p>              Morgenpost der Chefredaktion<\/p>\n<p>Die ersten News des Tages \u2013 direkt von der Chefredaktion. Montag bis Samstag um 6:30 Uhr.<\/p>\n<p>              Mit meiner Anmeldung zum Newsletter stimme ich der<br \/>\n              <a href=\"https:\/\/www.morgenpost.de\/service\/newsletter-adconsent\" class=\"text-copy-accent underline decoration-solid underline-offset-1 hover:text-primary-700\" rel=\"nofollow noopener\" target=\"_blank\">Werbevereinbarung<\/a><br \/>\n              zu.<\/p>\n<p class=\"expressive-copy-lg-body\">\u2022 Passend zur Berlinale l\u00e4dt heute auch das Wirtschaftsministerium gemeinsam mit dem Medienboard Berlin-Brandenburg zum Pressegespr\u00e4ch ein, um einen Blick auf das Filmland Brandenburg und die Dreharbeiten im vergangenen Jahr zu werfen. Vor Ort ist u.a. der Vorstandsvorsitzende von Studio Babelsberg, J\u00f6rg Bachmeier.<\/p>\n<p class=\"expressive-copy-lg-body\">\u2022 Podiumsgespr\u00e4ch mit Can S\u00fcr\u00fcc\u00fc, Sohn der am 7. Februar 2005 ermordeten Hatun S\u00fcr\u00fcc\u00fc, und dem Regierenden B\u00fcrgermeister Kai Wegner.<strong> <\/strong><\/p>\n<p class=\"expressive-copy-lg-body\">\u2022 Auswertung der diesj\u00e4hrigen Berliner Kaffeewette.<strong> <\/strong>Die Aktion wurde 2019 in Neuk\u00f6lln ins Leben gerufen: B\u00fcrger werden aufgerufen, Kaffeepackungen zur Unterst\u00fctzung lokaler K\u00e4ltehilfeeinrichtungen in Berlin zu spenden. In diesem Jahr gab es juristische Querelen und am Ende eine Sondererlaubnis durch den Regierenden B\u00fcrgermeister.<\/p>\n<p>  Neues aus Berlin<\/p>\n<p class=\"expressive-copy-lg-body\">Das ist schon so eine Sache mit der B\u00fcrokratie: Alle wollen sie abbauen. Etwa die CDU. So klang es im Bundestagswahlkampf: \u201ePapierkram, Wartezeiten, komplizierte Antr\u00e4ge \u2013 f\u00fcr viele Menschen ist der Staat mehr ein Hindernis als eine Hilfe. Die CDU-gef\u00fchrte Bundesregierung macht jetzt Schluss damit: B\u00fcrokratieabbau ist keine Ank\u00fcndigung mehr, sondern Wirklichkeit.\u201c<\/p>\n<p class=\"expressive-copy-lg-body\">Also schauen wir mal auf <strong>die Wirklichkeit<\/strong>\u00a0\u2013 und gern auf Berlin. Meine Kollegin Jessica Hanack hat n\u00e4mlich nachgefragt: Was wird eigentlich aus dem Senatsvorhaben, dass in Berlin auf Hunderten Stra\u00dfenabschnitten nachts mehr Ruhe einkehren soll? Denn zu dem Plan, tags\u00fcber wieder mehr Tempo 50 auf Hauptstra\u00dfen zu erlauben, sollte auch geh\u00f6ren, dass in den Nachtstunden mehr Tempo 30 zur L\u00e4rm-Entlastung der Berlinerinnen und Berliner verh\u00e4ngt wird. Doch bis es dazu kommt, werden noch viele, viele N\u00e4chte vergehen. Denn da ist noch die ber\u00fcchtigte B\u00fcrokratie. <\/p>\n<p class=\"expressive-copy-lg-body\">Sie k\u00f6nnen sich kaum vorstellen, was f\u00fcr den Austausch oder das Aufstellen von ein paar Verkehrsschildern ben\u00f6tigt wird.<a href=\"https:\/\/www.morgenpost.de\/berlin\/article411139187\/tempo-30-nachts-warum-die-umsetzung-in-berlin-noch-jahre-braucht.html\" data-category-full-path=\"https:\/\/www.morgenpost.de\/berlin\/\" data-paid-status=\"premium\" data-article-publish-date=\"1770533020\" rel=\"nofollow noopener\" target=\"_blank\"> Jessica Hanack hat alles aufgelistet. Ihren Bericht finden Sie hier.<\/a> Vor Ende 2027 wird\u2018s wohl nichts mit der Ruhe in der Nacht.<\/p>\n<p>Au\u00dferdem wichtig<\/p>\n<p class=\"expressive-copy-lg-body\"><strong>Morgenpost exklusiv 1<\/strong>: Als Konsequenz aus dem gro\u00dfen Stromausfall im S\u00fcdwesten der Stadt fordert der Senat von den landeseigenen Wohnungsunternehmen, dass sie Vorsorge treffen: Sie sollen Notstromaggregate kaufen und im Notfall damit ihren Tausenden von Mietern helfen. Doch das ist offenbar leichter gefordert als getan, wie mein Kollege Julian W\u00fcrzer recherchiert hat. Da ist sogar die Rede von Notstromaggregaten, \u201eso gro\u00df wie Schiffscontainer\u201c. <a href=\"https:\/\/www.morgenpost.de\/berlin\/article411139831\/berliner-wohnungsunternehmen-was-die-vorsorge-fuer-stromausfaelle-erschwert.html\" data-category-full-path=\"https:\/\/www.morgenpost.de\/berlin\/\" data-paid-status=\"premium\" data-article-publish-date=\"1770555600\" rel=\"nofollow noopener\" target=\"_blank\">Seinen Bericht lesen Sie hier.<\/a> <\/p>\n<p class=\"expressive-copy-lg-body\"><strong>Morgenpost exklusiv 2<\/strong>: Sie soll endlich daf\u00fcr sorgen, dass arme Menschen in Berlin Wohnungen bekommen: die Sozialquote. Von der Linkspartei bis zur SPD gibt es Bef\u00fcrworter der Idee, den Wohnungsunternehmen Quoten f\u00fcr Sozialwohnungen vorzugeben.<a href=\"https:\/\/www.morgenpost.de\/berlin\/article411129539\/sozialwohnungsquote-in-berlin-droht-mietendeckel-desaster-20.html\" data-category-full-path=\"https:\/\/www.morgenpost.de\/berlin\/\" data-paid-status=\"premium\" data-article-publish-date=\"1770440400\" rel=\"nofollow noopener\" target=\"_blank\"> Ein neues Gutachten des Bundestags k\u00f6nnte nun den Weg ebnen, berichtet exklusiv Isabell J\u00fcrgens. <\/a>Aber es gibt schon Ank\u00fcndigungen der Immobilienbranche, vors Bundesverfassungsgericht zu ziehen. Das letzte Berliner Wohnungsexperiment, der Mietendeckel, war dort krachend gescheitert.  <\/p>\n<p class=\"expressive-copy-lg-body\">Ich w\u00fcnsche Ihnen einen guten Start in die Woche. <\/p>\n<p class=\"expressive-copy-lg-body\">Ihr Gilbert Schomaker,<\/p>\n<p class=\"expressive-copy-lg-body\">stellvertretender Chefredakteur<\/p>\n<p class=\"expressive-copy-lg-body\">Dieser Newsletter gef\u00e4llt Ihnen? <a href=\"mailto:?subject=Meine%20Empfehlung:%20Morgenpost%20der%20Chefredaktion&amp;body=Ich%20empfehle%20den%20t\u00e4glichen%20Newsletter%20\u201cMorgenpost%20der%20Chefredaktion\u201c%20der%20Berliner%20Morgenpost.%20Jetzt%20ganz%20einfach%20kostenfrei%20anmelden%20unter%20https:\/\/www.morgenpost.de\/service\/newsletter\/#CRBM\">Empfehlen Sie ihn gern weiter.<\/a> <\/p>\n<ul class=\"[[data-group=headline]+&amp;]:mt-2 [h3+&amp;]:mt-0 functional-copy-base-stable\">\n<li><strong>Morgenpost Sp\u00e4ti<\/strong> \u2013 Hier steckt alles drin: Montag bis Freitag um 18 Uhr das Wichtigste aus Berlin direkt ins Postfach \u2013 kompakt, nah dran &amp; pers\u00f6nlich. Wie im Sp\u00e4ti um die Ecke. <br \/>\ud83d\udd17 <a data-track-v2-eventname=\"pageElement\" data-track-v2-action=\"Click\" data-track-v2-parentposition=\"Content\" data-track-v2-elementtype=\"Button\" data-track-v2-elementstyle=\"Text\" data-track-v2-label=\"Link Label\" data-track-v2-vendor=\"Internal\" data-track-v2-parent=\"Link List Group\" data-track-v2-parentlabel=\"\ud83d\udce7 Mehr Newsletter\" data-track-v2-elementposition=\"1\" data-track-v2-track-view=\"\" href=\"https:\/\/www.morgenpost.de\/service\/newsletter\/#sp%C3%A4ti\" target=\"_blank\" rel=\"nofollow noopener\">Hier kostenfrei anmelden!<\/a><\/li>\n<li><strong>Hauptstadt Inside<\/strong> \u2013 J\u00f6rg Quoos, erfahrener Politikjournalist, gibt Ihnen dreimal die Woche Durchblick durch den politischen Dschungel Berlins. <br \/>\ud83d\udd17 <a data-track-v2-eventname=\"pageElement\" data-track-v2-action=\"Click\" data-track-v2-parentposition=\"Content\" data-track-v2-elementtype=\"Button\" data-track-v2-elementstyle=\"Text\" data-track-v2-label=\"Link Label\" data-track-v2-vendor=\"Internal\" data-track-v2-parent=\"Link List Group\" data-track-v2-parentlabel=\"\ud83d\udce7 Mehr Newsletter\" data-track-v2-elementposition=\"2\" data-track-v2-track-view=\"\" href=\"https:\/\/www.morgenpost.de\/service\/newsletter\/#ZRHauptstadt\" target=\"_blank\" rel=\"nofollow noopener\">Hier kostenfrei anmelden!<\/a><\/li>\n<li><strong>Berlin erleben <\/strong>\u2013 Felix M\u00fcller bringt Sie jeden Donnerstag in Wochenendstimmung: Die besten Ideen f\u00fcr Kultur, Unternehmungen und Ausfl\u00fcge in Berlin \u2013 direkt in Ihr Postfach. <br \/>\ud83d\udd17 <a data-track-v2-eventname=\"pageElement\" data-track-v2-action=\"Click\" data-track-v2-parentposition=\"Content\" data-track-v2-elementtype=\"Button\" data-track-v2-elementstyle=\"Text\" data-track-v2-label=\"Link Label\" data-track-v2-vendor=\"Internal\" data-track-v2-parent=\"Link List Group\" data-track-v2-parentlabel=\"\ud83d\udce7 Mehr Newsletter\" data-track-v2-elementposition=\"3\" data-track-v2-track-view=\"\" href=\"https:\/\/www.morgenpost.de\/service\/newsletter\/#Erleben\" target=\"_blank\" rel=\"nofollow noopener\">Hier kostenfrei anmelden!<\/a><\/li>\n<\/ul>\n<p>  Unsere Empfehlungen<\/p>\n<p>            <img decoding=\"async\" src=\"https:\/\/www.europesays.com\/de\/wp-content\/uploads\/2026\/02\/411129684_1770540944_v16_9_1200.jpeg\" class=\"relative z-10 block w-full object-cover aspect-[4\/3]\" alt=\"Renate Zimmermann\" title=\"Renate Zimmermann aus Marzahn-Hellersdorf m\u00f6chte alle Stra\u00dfen Berlins ablaufen. Ohne das Projekt, sagt sie, w\u00fcrde sie in ein tiefes Loch fallen.\" loading=\"lazy\"\/><\/p>\n","protected":false},"excerpt":{"rendered":"Liebe Leserin, lieber Leser, was wird heute wichtig? Beginnen wir mit einem Blick auf die Termine des Tages:&hellip;\n","protected":false},"author":2,"featured_media":783341,"comment_status":"","ping_status":"","sticky":false,"template":"","format":"standard","meta":{"footnotes":"","_share_on_mastodon":"0"},"categories":[1825],"tags":[1941,1939,296,1937,29,30,1940,1938],"class_list":["post-783340","post","type-post","status-publish","format-standard","has-post-thumbnail","category-berlin","tag-aktuelle-nachrichten-aus-berlin","tag-aktuelle-news-aus-berlin","tag-berlin","tag-berlin-news","tag-deutschland","tag-germany","tag-nachrichten-aus-berlin","tag-news-aus-berlin"],"share_on_mastodon":{"url":"https:\/\/pubeurope.com\/@de\/116039233330511445","error":""},"_links":{"self":[{"href":"https:\/\/www.europesays.com\/de\/wp-json\/wp\/v2\/posts\/783340","targetHints":{"allow":["GET"]}}],"collection":[{"href":"https:\/\/www.europesays.com\/de\/wp-json\/wp\/v2\/posts"}],"about":[{"href":"https:\/\/www.europesays.com\/de\/wp-json\/wp\/v2\/types\/post"}],"author":[{"embeddable":true,"href":"https:\/\/www.europesays.com\/de\/wp-json\/wp\/v2\/users\/2"}],"replies":[{"embeddable":true,"href":"https:\/\/www.europesays.com\/de\/wp-json\/wp\/v2\/comments?post=783340"}],"version-history":[{"count":0,"href":"https:\/\/www.europesays.com\/de\/wp-json\/wp\/v2\/posts\/783340\/revisions"}],"wp:featuredmedia":[{"embeddable":true,"href":"https:\/\/www.europesays.com\/de\/wp-json\/wp\/v2\/media\/783341"}],"wp:attachment":[{"href":"https:\/\/www.europesays.com\/de\/wp-json\/wp\/v2\/media?parent=783340"}],"wp:term":[{"taxonomy":"category","embeddable":true,"href":"https:\/\/www.europesays.com\/de\/wp-json\/wp\/v2\/categories?post=783340"},{"taxonomy":"post_tag","embeddable":true,"href":"https:\/\/www.europesays.com\/de\/wp-json\/wp\/v2\/tags?post=783340"}],"curies":[{"name":"wp","href":"https:\/\/api.w.org\/{rel}","templated":true}]}}