{"id":783346,"date":"2026-02-09T06:24:11","date_gmt":"2026-02-09T06:24:11","guid":{"rendered":"https:\/\/www.europesays.com\/de\/783346\/"},"modified":"2026-02-09T06:24:11","modified_gmt":"2026-02-09T06:24:11","slug":"ringbahn-haelt-nach-vandalismus-wieder-in-wedding","status":"publish","type":"post","link":"https:\/\/www.europesays.com\/de\/783346\/","title":{"rendered":"Ringbahn h\u00e4lt nach Vandalismus wieder in Wedding"},"content":{"rendered":"<p class=\"tspCCnp tspCCnq\">Die Ringbahnen S41 und S42 halten nach dem mutma\u00dflichen Brandanschlag seit Betriebsbeginn wieder am S-Bahnhof Wedding. Das gaben die S-Bahn sowie die Verkehrsinformationszentrale Berlin (VIZ) am Morgen bekannt. Zuvor waren die Z\u00fcge ohne Halt durch den Bahnhof gefahren.\u00a0<\/p>\n<p class=\"tspCCnp\">In der Silvesternacht hatte ein Feuer schweren Schaden am Bahnhof verursacht. \u201eDas Bahnsteigdach, das ehemalige Aufsichtsgeb\u00e4ude, Beleuchtungs-, Beschallungs- sowie weitere elektrische und telekommunikative Anlagen wurden zum Teil zerst\u00f6rt\u201c, hie\u00df es damals. Der Schaden war auf etwa 300.000 Euro gesch\u00e4tzt worden. Zwischenzeitlich wurde ein Ersatzverkehr mit Bussen eingerichtet, der Mitte Januar jedoch eingestellt worden war, um unn\u00f6tigen Aussto\u00df von Treibhausgasen und zus\u00e4tzliches Verkehrsaufkommen zu vermeiden, hie\u00df es von der VIZ.<\/p>\n<p class=\"tspCCnp\">\u00a9 dpa-infocom, dpa:260209-930-661049\/1<\/p>\n<p class=\"tspCCnp\">Das ist eine Nachricht direkt aus dem dpa-Newskanal.<\/p>\n","protected":false},"excerpt":{"rendered":"Die Ringbahnen S41 und S42 halten nach dem mutma\u00dflichen Brandanschlag seit Betriebsbeginn wieder am S-Bahnhof Wedding. Das gaben&hellip;\n","protected":false},"author":2,"featured_media":783347,"comment_status":"","ping_status":"","sticky":false,"template":"","format":"standard","meta":{"footnotes":"","_share_on_mastodon":"0"},"categories":[1825],"tags":[296,29,30],"class_list":["post-783346","post","type-post","status-publish","format-standard","has-post-thumbnail","category-berlin","tag-berlin","tag-deutschland","tag-germany"],"share_on_mastodon":{"url":"https:\/\/pubeurope.com\/@de\/116039245101122045","error":""},"_links":{"self":[{"href":"https:\/\/www.europesays.com\/de\/wp-json\/wp\/v2\/posts\/783346","targetHints":{"allow":["GET"]}}],"collection":[{"href":"https:\/\/www.europesays.com\/de\/wp-json\/wp\/v2\/posts"}],"about":[{"href":"https:\/\/www.europesays.com\/de\/wp-json\/wp\/v2\/types\/post"}],"author":[{"embeddable":true,"href":"https:\/\/www.europesays.com\/de\/wp-json\/wp\/v2\/users\/2"}],"replies":[{"embeddable":true,"href":"https:\/\/www.europesays.com\/de\/wp-json\/wp\/v2\/comments?post=783346"}],"version-history":[{"count":0,"href":"https:\/\/www.europesays.com\/de\/wp-json\/wp\/v2\/posts\/783346\/revisions"}],"wp:featuredmedia":[{"embeddable":true,"href":"https:\/\/www.europesays.com\/de\/wp-json\/wp\/v2\/media\/783347"}],"wp:attachment":[{"href":"https:\/\/www.europesays.com\/de\/wp-json\/wp\/v2\/media?parent=783346"}],"wp:term":[{"taxonomy":"category","embeddable":true,"href":"https:\/\/www.europesays.com\/de\/wp-json\/wp\/v2\/categories?post=783346"},{"taxonomy":"post_tag","embeddable":true,"href":"https:\/\/www.europesays.com\/de\/wp-json\/wp\/v2\/tags?post=783346"}],"curies":[{"name":"wp","href":"https:\/\/api.w.org\/{rel}","templated":true}]}}