{"id":783348,"date":"2026-02-09T06:25:12","date_gmt":"2026-02-09T06:25:12","guid":{"rendered":"https:\/\/www.europesays.com\/de\/783348\/"},"modified":"2026-02-09T06:25:12","modified_gmt":"2026-02-09T06:25:12","slug":"berlin-brandenburg-ringbahn-haelt-nach-vandalismus-wieder-in-wedding","status":"publish","type":"post","link":"https:\/\/www.europesays.com\/de\/783348\/","title":{"rendered":"Berlin &#038; Brandenburg: Ringbahn h\u00e4lt nach Vandalismus wieder in Wedding"},"content":{"rendered":"<p>Berlin &amp; BrandenburgRingbahn h\u00e4lt nach Vandalismus wieder in Wedding<img decoding=\"async\" class=\"Image_img__fQCi0 Image_Img_16_9__4BLfH\" loading=\"eager\" fetchpriority=\"high\" src=\"https:\/\/www.europesays.com\/de\/wp-content\/uploads\/2026\/02\/Die-Ringbahn-haelt-seit-heute-wieder-in-Wedding.webp.webp\" alt=\"Die-Ringbahn-haelt-seit-heute-wieder-in-Wedding\"\/>(Foto: Paul Zinken\/dpa)TeilenFolgen auf:<a href=\"https:\/\/www.whatsapp.com\/channel\/0029Va5cdVJD8SDp5YZgYF01\" title=\"Auf WhatsApp folgen\" target=\"_blank\" rel=\"nofollow noopener\"><img decoding=\"async\" src=\"https:\/\/www.n-tv.de\/socialIcons\/whatsapp.svg\" alt=\"whatsapp\" class=\"ArticleShare_icon__FsrC2\"\/><\/a><a href=\"https:\/\/news.google.com\/publications\/CAAiEPMdif5mpRNxiLOeUpHCwwsqFAgKIhDzHYn-ZqUTcYiznlKRwsML?hl=de&amp;gl=DE&amp;ceid=DE%3Ade\" title=\"Auf Google News folgen\" target=\"_blank\" rel=\"nofollow noopener\"><img decoding=\"async\" src=\"https:\/\/www.n-tv.de\/socialIcons\/google.svg\" alt=\"whatsapp\" class=\"ArticleShare_icon__FsrC2\"\/><\/a><\/p>\n<p class=\"Typography_text-m__XI0da Typography_weight-bold__uT6mq storyline_lead_text_leadtext__q_wg8\">Eine mutma\u00dfliche Brandstiftung hatte in der Silvesternacht einen gro\u00dfen Schaden am S-Bahnhof Wedding verursacht. Ab heute geh\u00f6rt die Station wieder zum Fahrplan.<\/p>\n<p class=\"Typography_text-default__P3otY Typography_weight-normal__pqUbH storyline_paragraph_p__qSR5N\">Berlin (dpa\/bb) &#8211; Die Ringbahnen S41 und S42 halten nach dem mutma\u00dflichen Brandanschlag seit Betriebsbeginn wieder am S-Bahnhof Wedding. Das gaben die S-Bahn sowie die Verkehrsinformationszentrale Berlin (VIZ) am Morgen bekannt. Zuvor waren die Z\u00fcge ohne Halt durch den Bahnhof gefahren.<\/p>\n<p class=\"Typography_text-default__P3otY Typography_weight-normal__pqUbH storyline_paragraph_p__qSR5N\">In der Silvesternacht hatte ein Feuer schweren Schaden am Bahnhof verursacht. &#8222;Das Bahnsteigdach, das ehemalige Aufsichtsgeb\u00e4ude, Beleuchtungs-, Beschallungs- sowie weitere elektrische und telekommunikative Anlagen wurden zum Teil zerst\u00f6rt&#8220;, hie\u00df es damals. Der Schaden war auf etwa 300.000 Euro gesch\u00e4tzt worden. Zwischenzeitlich wurde ein Ersatzverkehr mit Bussen eingerichtet, der Mitte Januar jedoch eingestellt worden war, um unn\u00f6tigen Aussto\u00df von Treibhausgasen und zus\u00e4tzliches Verkehrsaufkommen zu vermeiden, hie\u00df es von der VIZ.<\/p>\n<p class=\"Typography_text-s__wu_cm Typography_weight-normal__pqUbH Typography_color-darkgrey__sZEnP article-detail-footer_source__KslPc\">Quelle: dpa<\/p>\n","protected":false},"excerpt":{"rendered":"Berlin &amp; BrandenburgRingbahn h\u00e4lt nach Vandalismus wieder in Wedding(Foto: Paul Zinken\/dpa)TeilenFolgen auf: Eine mutma\u00dfliche Brandstiftung hatte in der&hellip;\n","protected":false},"author":2,"featured_media":783349,"comment_status":"","ping_status":"","sticky":false,"template":"","format":"standard","meta":{"footnotes":"","_share_on_mastodon":"0"},"categories":[1825],"tags":[296,29,30],"class_list":["post-783348","post","type-post","status-publish","format-standard","has-post-thumbnail","category-berlin","tag-berlin","tag-deutschland","tag-germany"],"share_on_mastodon":{"url":"https:\/\/pubeurope.com\/@de\/116039249306975698","error":""},"_links":{"self":[{"href":"https:\/\/www.europesays.com\/de\/wp-json\/wp\/v2\/posts\/783348","targetHints":{"allow":["GET"]}}],"collection":[{"href":"https:\/\/www.europesays.com\/de\/wp-json\/wp\/v2\/posts"}],"about":[{"href":"https:\/\/www.europesays.com\/de\/wp-json\/wp\/v2\/types\/post"}],"author":[{"embeddable":true,"href":"https:\/\/www.europesays.com\/de\/wp-json\/wp\/v2\/users\/2"}],"replies":[{"embeddable":true,"href":"https:\/\/www.europesays.com\/de\/wp-json\/wp\/v2\/comments?post=783348"}],"version-history":[{"count":0,"href":"https:\/\/www.europesays.com\/de\/wp-json\/wp\/v2\/posts\/783348\/revisions"}],"wp:featuredmedia":[{"embeddable":true,"href":"https:\/\/www.europesays.com\/de\/wp-json\/wp\/v2\/media\/783349"}],"wp:attachment":[{"href":"https:\/\/www.europesays.com\/de\/wp-json\/wp\/v2\/media?parent=783348"}],"wp:term":[{"taxonomy":"category","embeddable":true,"href":"https:\/\/www.europesays.com\/de\/wp-json\/wp\/v2\/categories?post=783348"},{"taxonomy":"post_tag","embeddable":true,"href":"https:\/\/www.europesays.com\/de\/wp-json\/wp\/v2\/tags?post=783348"}],"curies":[{"name":"wp","href":"https:\/\/api.w.org\/{rel}","templated":true}]}}