{"id":783386,"date":"2026-02-09T06:49:11","date_gmt":"2026-02-09T06:49:11","guid":{"rendered":"https:\/\/www.europesays.com\/de\/783386\/"},"modified":"2026-02-09T06:49:11","modified_gmt":"2026-02-09T06:49:11","slug":"29-mannheimer-vesperkirche-endet-mit-rekordzahlen","status":"publish","type":"post","link":"https:\/\/www.europesays.com\/de\/783386\/","title":{"rendered":"29. Mannheimer Vesperkirche endet mit Rekordzahlen"},"content":{"rendered":"<p><b>Mannheim.<\/b> Die 29. Mannheimer Vesperkirche endete am vergangenen Sonntag\u00a0mit einem feierlichen Abschlussgottesdienst. Hinter der Aktion liegen intensive Wochen mit\u00a0einem neuen Rekord: \u00dcber 20.000 warme Mahlzeiten wurden ausgegeben \u2013 rund 15\u00a0Prozent mehr als im Vorjahr. An einzelnen Tagen kamen \u00fcber 800 G\u00e4ste.\u00a0\u201eWas uns besonders besch\u00e4ftigt, ist die gro\u00dfe Einsamkeit\u201c, sagt Pfarrerin Ilka Sobottke.\u00a0\u201eViele Menschen kommen nicht nur wegen eines Essens, sondern weil sie hier\u00a0Gemeinschaft erleben.\u201c Gleichzeitig sei sp\u00fcrbar, dass immer mehr Menschen mit den\u00a0Krisen unserer Zeit \u00fcberfordert seien \u2013 finanziell, psychisch und sozial. Besonders\u00a0betroffen seien \u00e4ltere Menschen, deren Rente angesichts steigender Kosten nicht mehr\u00a0ausreiche.<br \/>Neben Einsamkeit und Armut wurden in der Vesperkirche auch Wohnungsnot, verdeckte\u00a0Armut und fehlende Gesundheitsversorgung sichtbar. \u201eMenschen ziehen sich zur\u00fcck,\u00a0sch\u00e4men sich und verlieren an Teilhabe\u201c, so Sobottke. Aktuelle Debatten, etwa zur\u00a0Zahnversorgung, verst\u00e4rkten diese Unsicherheiten zus\u00e4tzlich.<\/p>\n<p>\u201eHier wird Kirche ganz konkret als offene T\u00fcr erfahrbar\u201c<\/p>\n<p> Ein zentraler Bestandteil der Vesperkirche war erneut die diakonische Sozialberatung.\u00a0\u201eHier wird Kirche ganz konkret als offene T\u00fcr erfahrbar \u2013 ohne Voraussetzungen, ohne\u00a0Bewertung\u201c, erkl\u00e4rt Martin Metzger, stellvertretender Direktor des Diakonischen Werks\u00a0Mannheim. Im Durchschnitt suchten t\u00e4glich rund zehn Menschen die Beratung auf,\u00a0insgesamt wurden w\u00e4hrend der Vesperkirche etwa 200 Personen unterst\u00fctzt.  <\/p>\n<p>Erg\u00e4nzt wurde das Angebot durch den DiakoniePunkt Konkordien mit Kleiderausgabe.\u00a0Besonders stark nachgefragt war die Wohnungsnotfallberatung. Erstmals war in diesem\u00a0Jahr zus\u00e4tzlich das neue Projekt \u201eWohnungslotsen\u201c vertreten, das Menschen bei der\u00a0digitalen Wohnungssuche unterst\u00fctzt. Bei acht Terminen wurden 23 Beratungen\u00a0durchgef\u00fchrt und 20 Personen bei der Online-Wohnungssuche begleitet \u2013 von der\u00a0Profilerstellung bis zur Antragstellung. \u201eDas Angebot wurde vom ersten Tag an sehr gut\u00a0angenommen\u201c, berichtet Marie-Louise Uhrig vom Haus Bethanien e. V..<\/p>\n<p>Starkes Netzwerk erm\u00f6glicht Vesperkirche<\/p>\n<p> M\u00f6glich wurde die Vesperkirche durch ein gro\u00dfes Netzwerk aus Ehrenamtlichen,\u00a0Kirchengemeinden, sozialen Tr\u00e4gern, Unternehmen und zivilgesellschaftlichem\u00a0Engagement. \u201eDas Wesen der Vesperkirche ist das Zuh\u00f6ren\u201c, betont Metzger. \u201eSo\u00a0entsteht W\u00fcrde, Respekt und Gemeinschaft.\u201c <\/p>\n<p>Mit dem Ende der Vesperkirche bleibt der DiakoniePunkt Konkordien als \u201ekleine\u00a0Vesperkirche\u201c weiterhin ge\u00f6ffnet \u2013 montags bis freitags mit Mittagessen, Kaffee, Kuchen\u00a0und Kleiderausgabe.<br \/>Die Mannheimer Vesperkirche findet j\u00e4hrlich statt und wird getragen von der\u00a0Evangelischen Kirche Mannheim und ihrem Diakonischen Werk. Neben einem warmen\u00a0Mittagessen bietet sie Hilfebed\u00fcrftigen ein breites Sozialberatungsangebot. Ge\u00f6ffnet ist sie\u00a0t\u00e4glich von 11 bis 15 Uhr. Mittagessen bis 14 Uhr. Unterst\u00fctzung f\u00fcr die ausschlie\u00dflich\u00a0durch Spenden finanzierte Aktion ist daher willkommen. Spendenkonto: Evangelische\u00a0Kirche Mannheim, Sparkasse Rhein Neckar Nord, IBAN: DE44670505050039003007,\u00a0BIC: MANSDE66XXX, Stichwort: Vesperkirche. Infos: <a href=\"https:\/\/www.vesperkirche-mannheim.de\/\" onclick=\"window.open(this.href); return false;\" rel=\"nofollow noopener\" target=\"_blank\">www.vesperkirche-mannheim.de<\/a>, red<\/p>\n","protected":false},"excerpt":{"rendered":"Mannheim. Die 29. Mannheimer Vesperkirche endete am vergangenen Sonntag\u00a0mit einem feierlichen Abschlussgottesdienst. Hinter der Aktion liegen intensive Wochen&hellip;\n","protected":false},"author":2,"featured_media":783387,"comment_status":"","ping_status":"","sticky":false,"template":"","format":"standard","meta":{"footnotes":"","_share_on_mastodon":"0"},"categories":[1845],"tags":[1634,3364,29,548,663,3934,30,13,2096,14,15,12],"class_list":["post-783386","post","type-post","status-publish","format-standard","has-post-thumbnail","category-mannheim","tag-baden-wuerttemberg","tag-de","tag-deutschland","tag-eu","tag-europa","tag-europe","tag-germany","tag-headlines","tag-mannheim","tag-nachrichten","tag-news","tag-schlagzeilen"],"share_on_mastodon":{"url":"https:\/\/pubeurope.com\/@de\/116039343350044792","error":""},"_links":{"self":[{"href":"https:\/\/www.europesays.com\/de\/wp-json\/wp\/v2\/posts\/783386","targetHints":{"allow":["GET"]}}],"collection":[{"href":"https:\/\/www.europesays.com\/de\/wp-json\/wp\/v2\/posts"}],"about":[{"href":"https:\/\/www.europesays.com\/de\/wp-json\/wp\/v2\/types\/post"}],"author":[{"embeddable":true,"href":"https:\/\/www.europesays.com\/de\/wp-json\/wp\/v2\/users\/2"}],"replies":[{"embeddable":true,"href":"https:\/\/www.europesays.com\/de\/wp-json\/wp\/v2\/comments?post=783386"}],"version-history":[{"count":0,"href":"https:\/\/www.europesays.com\/de\/wp-json\/wp\/v2\/posts\/783386\/revisions"}],"wp:featuredmedia":[{"embeddable":true,"href":"https:\/\/www.europesays.com\/de\/wp-json\/wp\/v2\/media\/783387"}],"wp:attachment":[{"href":"https:\/\/www.europesays.com\/de\/wp-json\/wp\/v2\/media?parent=783386"}],"wp:term":[{"taxonomy":"category","embeddable":true,"href":"https:\/\/www.europesays.com\/de\/wp-json\/wp\/v2\/categories?post=783386"},{"taxonomy":"post_tag","embeddable":true,"href":"https:\/\/www.europesays.com\/de\/wp-json\/wp\/v2\/tags?post=783386"}],"curies":[{"name":"wp","href":"https:\/\/api.w.org\/{rel}","templated":true}]}}