{"id":783458,"date":"2026-02-09T07:30:11","date_gmt":"2026-02-09T07:30:11","guid":{"rendered":"https:\/\/www.europesays.com\/de\/783458\/"},"modified":"2026-02-09T07:30:11","modified_gmt":"2026-02-09T07:30:11","slug":"strassenverkehr-stuttgart-im-video-nichts-geht-mehr-an-der-baustelle-auf-der-weinsteige-krz-plus","status":"publish","type":"post","link":"https:\/\/www.europesays.com\/de\/783458\/","title":{"rendered":"Stra\u00dfenverkehr Stuttgart: Im Video: nichts geht mehr an der Baustelle auf der Weinsteige &#8211; KRZ Plus"},"content":{"rendered":"<p>An der vielbefahrenen Neuen Weinsteige in Stuttgart m\u00fcssen St\u00fctzw\u00e4nde erneuert werden. Aber das Bauunternehmen ist insolvent. Der Weiterbau verz\u00f6gert sich. Die Behinderungen bleiben.<\/p>\n<p>Auf der Baustelle an der Neuen Weinsteige in <a href=\"https:\/\/www.krzbb.de\/thema\/Stuttgart\" title=\"Stuttgart\" class=\"art_thema\" rel=\"nofollow noopener\" target=\"_blank\">Stuttgart<\/a> herrscht derzeit Stillstand \u2013 mit sp\u00fcrbaren Folgen f\u00fcr den Verkehr. Seit Juli vergangenen Jahres ist die viel befahrene Stra\u00dfe auf H\u00f6he der Baustelle verengt, in deren Zuge eine St\u00fctzwand und der parallel verlaufende Weg erneuert werden soll. Statt vier stehen nur zwei Fahrspuren zur Verf\u00fcgung. Entsprechend m\u00fchsam schl\u00e4ngeln sich Autos und Radfahrer daran vorbei, vor allem zu den Hauptverkehrszeiten staut es sich regelm\u00e4\u00dfig.<\/p>\n","protected":false},"excerpt":{"rendered":"An der vielbefahrenen Neuen Weinsteige in Stuttgart m\u00fcssen St\u00fctzw\u00e4nde erneuert werden. Aber das Bauunternehmen ist insolvent. Der Weiterbau&hellip;\n","protected":false},"author":2,"featured_media":783459,"comment_status":"","ping_status":"","sticky":false,"template":"","format":"standard","meta":{"footnotes":"","_share_on_mastodon":"0"},"categories":[1830],"tags":[46875,1634,3364,29,30,91511,634,1441,5329,91510],"class_list":["post-783458","post","type-post","status-publish","format-standard","has-post-thumbnail","category-stuttgart","tag-b27","tag-baden-wuerttemberg","tag-de","tag-deutschland","tag-germany","tag-neue-weinsteige","tag-strassenverkehr","tag-stuttgart","tag-video","tag-weinsteige"],"share_on_mastodon":{"url":"https:\/\/pubeurope.com\/@de\/116039504620415562","error":""},"_links":{"self":[{"href":"https:\/\/www.europesays.com\/de\/wp-json\/wp\/v2\/posts\/783458","targetHints":{"allow":["GET"]}}],"collection":[{"href":"https:\/\/www.europesays.com\/de\/wp-json\/wp\/v2\/posts"}],"about":[{"href":"https:\/\/www.europesays.com\/de\/wp-json\/wp\/v2\/types\/post"}],"author":[{"embeddable":true,"href":"https:\/\/www.europesays.com\/de\/wp-json\/wp\/v2\/users\/2"}],"replies":[{"embeddable":true,"href":"https:\/\/www.europesays.com\/de\/wp-json\/wp\/v2\/comments?post=783458"}],"version-history":[{"count":0,"href":"https:\/\/www.europesays.com\/de\/wp-json\/wp\/v2\/posts\/783458\/revisions"}],"wp:featuredmedia":[{"embeddable":true,"href":"https:\/\/www.europesays.com\/de\/wp-json\/wp\/v2\/media\/783459"}],"wp:attachment":[{"href":"https:\/\/www.europesays.com\/de\/wp-json\/wp\/v2\/media?parent=783458"}],"wp:term":[{"taxonomy":"category","embeddable":true,"href":"https:\/\/www.europesays.com\/de\/wp-json\/wp\/v2\/categories?post=783458"},{"taxonomy":"post_tag","embeddable":true,"href":"https:\/\/www.europesays.com\/de\/wp-json\/wp\/v2\/tags?post=783458"}],"curies":[{"name":"wp","href":"https:\/\/api.w.org\/{rel}","templated":true}]}}