{"id":783669,"date":"2026-02-09T09:29:27","date_gmt":"2026-02-09T09:29:27","guid":{"rendered":"https:\/\/www.europesays.com\/de\/783669\/"},"modified":"2026-02-09T09:29:27","modified_gmt":"2026-02-09T09:29:27","slug":"ki-basierter-deepfake-detector-soll-ermittlungsarbeit-unterstuetzen","status":"publish","type":"post","link":"https:\/\/www.europesays.com\/de\/783669\/","title":{"rendered":"KI-basierter Deepfake Detector soll Ermittlungsarbeit unterst\u00fctzen"},"content":{"rendered":"<p>Rheinland-Pfalz.\u00a0Die Polizei Rheinland-Pfalz baut ihre F\u00e4higkeiten der digitalen Ermittlungsarbeit weiter aus und setzt auf eigene KI-gest\u00fctzte Anwendungen. Innenminister Michael Ebling hat heute den neuen Deepfake Detector vorgestellt und dessen Einsatzm\u00f6glichkeiten in der polizeilichen Praxis demonstriert.<\/p>\n<p>\u201eDigitale Manipulationen stellen unsere Ermittlerinnen und Ermittler vor immer gr\u00f6\u00dfere Herausforderungen. Mit dem Deepfake Detector haben wir ein modernes, leistungsf\u00e4higes Werkzeug, das digitale Ermittlungen effizienter und pr\u00e4ziser macht\u201c, sagte Innenminister Michael Ebling.<\/p>\n<p>Der KI-basierte Deepfake Detector unterst\u00fctzt bei der Analyse gro\u00dfer Bilddatenbest\u00e4nde und hilft dabei, manipulierte Inhalte gezielt zu erkennen. Die Anwendung ist eine gemeinsame Eigenentwicklung des Landeskriminalamtes und des Polizeipr\u00e4sidiums Einsatz, Logistik und Technik. Sie wird vollst\u00e4ndig auf polizeieigener Infrastruktur betrieben und ist massendatentauglich ausgelegt. Damit werden Datenschutz, Datensicherheit und Datenhoheit konsequent gew\u00e4hrleistet.<\/p>\n<p>\u201eWir setzen bewusst auf eigene L\u00f6sungen, so behalten wir die Kontrolle \u00fcber sensible Daten und k\u00f6nnen unsere Systeme gezielt an die Anforderungen der Praxis anpassen\u201c, so Ebling.<\/p>\n<p>Dass dieser Ansatz fachlich \u00fcberzeugt, zeigt auch der internationale Vergleich. Im Fr\u00fchjahr 2025 hat ein Mitarbeiter des Landeskriminalamtes an einem internationalen beh\u00f6rdlichen Ringversuch zur Erkennung KI-generierter Bilder teilgenommen, an dem 54 kriminaltechnische Laboratorien aus 30 L\u00e4ndern beteiligt waren. Dabei wurde das zweitbeste Gesamtergebnis erzielt. Das unterstreicht die hohe fachliche Kompetenz in Rheinland-Pfalz und bildet eine wichtige Grundlage f\u00fcr die heutige Anwendung.<\/p>\n<p>Der Deepfake Detector ist zugleich ein Ergebnis der organisatorischen Neuausrichtung des Landeskriminalamtes und der Digitalisierungskooperation der Polizei Rheinland-Pfalz, kurz: DigiKoRP. In den neuen Kreativr\u00e4umen der DigiKoRP werden fachliche und technische Kompetenzen geb\u00fcndelt. Fach- und IT-Expertinnen und -Experten von LKA und Polizeipr\u00e4sidium Einsatz, Logistik und Technik, arbeiten hier gemeinsam an innovativen digitalen Anwendungen f\u00fcr die Polizei Rheinland-Pfalz.<\/p>\n<p>Ab M\u00e4rz 2026 ist ein Pilotbetrieb des Deepfake Detectors im Polizeipr\u00e4sidium Rheinpfalz vorgesehen. Die dabei gewonnenen Erkenntnisse sollen in die Weiterentwicklung zum landesweiten Einsatz der Anwendung einflie\u00dfen.<br \/>\u201eModerne Polizeiarbeit hei\u00dft heute auch digitale Kompetenz. Wir investieren gezielt in Know-how, Technik und Strukturen, damit unsere Polizei auch im digitalen Raum handlungsf\u00e4hig bleibt\u201c, betonte der Innenminister abschlie\u00dfend.red<\/p>\n","protected":false},"excerpt":{"rendered":"Rheinland-Pfalz.\u00a0Die Polizei Rheinland-Pfalz baut ihre F\u00e4higkeiten der digitalen Ermittlungsarbeit weiter aus und setzt auf eigene KI-gest\u00fctzte Anwendungen. Innenminister&hellip;\n","protected":false},"author":2,"featured_media":783670,"comment_status":"","ping_status":"","sticky":false,"template":"","format":"standard","meta":{"footnotes":"","_share_on_mastodon":"0"},"categories":[1845],"tags":[1634,3364,29,548,663,3934,30,13,2096,14,15,12],"class_list":["post-783669","post","type-post","status-publish","format-standard","has-post-thumbnail","category-mannheim","tag-baden-wuerttemberg","tag-de","tag-deutschland","tag-eu","tag-europa","tag-europe","tag-germany","tag-headlines","tag-mannheim","tag-nachrichten","tag-news","tag-schlagzeilen"],"share_on_mastodon":{"url":"https:\/\/pubeurope.com\/@de\/116039972597428309","error":""},"_links":{"self":[{"href":"https:\/\/www.europesays.com\/de\/wp-json\/wp\/v2\/posts\/783669","targetHints":{"allow":["GET"]}}],"collection":[{"href":"https:\/\/www.europesays.com\/de\/wp-json\/wp\/v2\/posts"}],"about":[{"href":"https:\/\/www.europesays.com\/de\/wp-json\/wp\/v2\/types\/post"}],"author":[{"embeddable":true,"href":"https:\/\/www.europesays.com\/de\/wp-json\/wp\/v2\/users\/2"}],"replies":[{"embeddable":true,"href":"https:\/\/www.europesays.com\/de\/wp-json\/wp\/v2\/comments?post=783669"}],"version-history":[{"count":0,"href":"https:\/\/www.europesays.com\/de\/wp-json\/wp\/v2\/posts\/783669\/revisions"}],"wp:featuredmedia":[{"embeddable":true,"href":"https:\/\/www.europesays.com\/de\/wp-json\/wp\/v2\/media\/783670"}],"wp:attachment":[{"href":"https:\/\/www.europesays.com\/de\/wp-json\/wp\/v2\/media?parent=783669"}],"wp:term":[{"taxonomy":"category","embeddable":true,"href":"https:\/\/www.europesays.com\/de\/wp-json\/wp\/v2\/categories?post=783669"},{"taxonomy":"post_tag","embeddable":true,"href":"https:\/\/www.europesays.com\/de\/wp-json\/wp\/v2\/tags?post=783669"}],"curies":[{"name":"wp","href":"https:\/\/api.w.org\/{rel}","templated":true}]}}