{"id":783679,"date":"2026-02-09T09:34:30","date_gmt":"2026-02-09T09:34:30","guid":{"rendered":"https:\/\/www.europesays.com\/de\/783679\/"},"modified":"2026-02-09T09:34:30","modified_gmt":"2026-02-09T09:34:30","slug":"enger-foerderprogramm-bringt-neuen-hausarzt","status":"publish","type":"post","link":"https:\/\/www.europesays.com\/de\/783679\/","title":{"rendered":"Enger: F\u00f6rderprogramm bringt neuen Hausarzt"},"content":{"rendered":"<p>Das F\u00f6rderprogramm des Kreises Herford gegen den Haus\u00e4rztemangel kommt gut an. Es hat geholfen, f\u00fcr eine Praxis in Enger einen neuen Hausarzt zu finden: Dr. Julian Maronn. Der 38-J\u00e4hrige ist seit Kurzem neuer Partner in der Gemeinschaftspraxis an der Brandstra\u00dfe. Der Kreis hat dies mit 25.000 Euro unterst\u00fctzt.<\/p>\n<p class=\"h2\">F\u00f6rderung bereits \u00f6fter ausgesch\u00fcttet<\/p>\n<p>Es ist das 35. Mal, dass er eine solche F\u00f6rderung aussch\u00fcttet. Das Geld flie\u00dft vor allem in die Einrichtung und Ausstattung von Praxen.<\/p>\n","protected":false},"excerpt":{"rendered":"Das F\u00f6rderprogramm des Kreises Herford gegen den Haus\u00e4rztemangel kommt gut an. Es hat geholfen, f\u00fcr eine Praxis in&hellip;\n","protected":false},"author":2,"featured_media":783680,"comment_status":"","ping_status":"","sticky":false,"template":"","format":"standard","meta":{"footnotes":"","_share_on_mastodon":"0"},"categories":[1841],"tags":[1605,3364,29,177033,39340,21646,30,96818,16398,1209],"class_list":["post-783679","post","type-post","status-publish","format-standard","has-post-thumbnail","category-bielefeld","tag-bielefeld","tag-de","tag-deutschland","tag-dr-julian-maronn","tag-enger","tag-foerderprogramm","tag-germany","tag-hausaerztemangel","tag-herford","tag-nordrhein-westfalen"],"share_on_mastodon":{"url":"https:\/\/pubeurope.com\/@de\/116039992211054463","error":""},"_links":{"self":[{"href":"https:\/\/www.europesays.com\/de\/wp-json\/wp\/v2\/posts\/783679","targetHints":{"allow":["GET"]}}],"collection":[{"href":"https:\/\/www.europesays.com\/de\/wp-json\/wp\/v2\/posts"}],"about":[{"href":"https:\/\/www.europesays.com\/de\/wp-json\/wp\/v2\/types\/post"}],"author":[{"embeddable":true,"href":"https:\/\/www.europesays.com\/de\/wp-json\/wp\/v2\/users\/2"}],"replies":[{"embeddable":true,"href":"https:\/\/www.europesays.com\/de\/wp-json\/wp\/v2\/comments?post=783679"}],"version-history":[{"count":0,"href":"https:\/\/www.europesays.com\/de\/wp-json\/wp\/v2\/posts\/783679\/revisions"}],"wp:featuredmedia":[{"embeddable":true,"href":"https:\/\/www.europesays.com\/de\/wp-json\/wp\/v2\/media\/783680"}],"wp:attachment":[{"href":"https:\/\/www.europesays.com\/de\/wp-json\/wp\/v2\/media?parent=783679"}],"wp:term":[{"taxonomy":"category","embeddable":true,"href":"https:\/\/www.europesays.com\/de\/wp-json\/wp\/v2\/categories?post=783679"},{"taxonomy":"post_tag","embeddable":true,"href":"https:\/\/www.europesays.com\/de\/wp-json\/wp\/v2\/tags?post=783679"}],"curies":[{"name":"wp","href":"https:\/\/api.w.org\/{rel}","templated":true}]}}