{"id":783831,"date":"2026-02-09T10:59:12","date_gmt":"2026-02-09T10:59:12","guid":{"rendered":"https:\/\/www.europesays.com\/de\/783831\/"},"modified":"2026-02-09T10:59:12","modified_gmt":"2026-02-09T10:59:12","slug":"angriff-im-bochumer-hauptbahnhof-19-jaehriger-greift-passanten-an-und-wird-festgenommen","status":"publish","type":"post","link":"https:\/\/www.europesays.com\/de\/783831\/","title":{"rendered":"Angriff im Bochumer Hauptbahnhof: 19-J\u00e4hriger greift Passanten an und wird festgenommen"},"content":{"rendered":"<p><b>Ein Angriff im U-Bahnbereich des Bochumer Hauptbahnhofs sorgte am Abend des 6. Februar f\u00fcr einen Polizeieinsatz. Ein 19-J\u00e4hriger attackierte zwei Personen, bevor die Bundespolizei ihn festnahm und Ermittlungen einleitete.<\/b><\/p>\n<p>Angriff im U-Bahnbereich des Bochumer Hauptbahnhofs<\/p>\n<p>Am Abend des 6. Februar ereignete sich im U-Bahnbereich des Hauptbahnhofs Bochum ein Vorfall, bei dem ein 19-j\u00e4hriger Mann die Notbremse einer Rolltreppe bet\u00e4tigte. Ein 32-j\u00e4hriger Mann sprach den Tatverd\u00e4chtigen daraufhin an, worauf dieser ihn mit einem Schl\u00fcsselbund attackierte.<\/p>\n<p>Eingreifen einer Mitarbeiterin und Festnahme durch die Polizei<\/p>\n<p>Eine Mitarbeiterin des \u00f6ffentlichen Nahverkehrs versuchte, den Vorfall zu entsch\u00e4rfen, wurde jedoch ebenfalls Ziel der Angriffe des Tatverd\u00e4chtigen. Die Bundespolizei griff ein, \u00fcberw\u00e4ltigte den Mann und nahm ihn fest.<\/p>\n<p>Ermittlungen und Alkoholtest<\/p>\n<p>Der Tatverd\u00e4chtige wurde zur Polizeidienststelle gebracht, wo ein Atemalkoholtest einen Wert von 1,5 Promille ergab. Die Bundespolizei leitete ein Ermittlungsverfahren gegen den Mann ein.<\/p>\n<p>Dieser Beitrag stammt von presseportal.de und wurde mit Hilfe von KI erstellt.<\/p>\n<p>                <a id=\"like-anchor\"\/><\/p>\n<p>                    Dieser Inhalt gef\u00e4llt Ihnen?<\/p>\n<p>Melden Sie sich an, um diesen Inhalt mit \u00abGef\u00e4llt mir\u00bb zu markieren.<\/p>\n<p>            \u00d7<\/p>\n<p>        <a href=\"#\" data-trigger-click-on-space-or-enter=\"\" class=\"button ggm-like-button hollow\" title=\"Gef\u00e4llt mir\" data-open=\"like-conversion-6989bdfd9ef52\"><\/p>\n<p>        <\/a><\/p>\n<p>\n        Gef\u00e4llt <strong>0<\/strong> mal<br \/>\n        0\n    <\/p>\n<p>            <a href=\"https:\/\/www.lokalkompass.de\/essen\/profile-485436\/lokalkompass-blaulicht\" class=\"stop-click-event-propagation\" rel=\"nofollow noopener\" target=\"_blank\">    <\/p>\n<p>                                                                            <img class=\"imagecontainer\" decoding=\"auto\" data-aspect-ratio=\"1\" src=\"https:\/\/media04.lokalkompass.de\/user\/2025\/09\/24\/4\/117244_L.webp?1758724678\" style=\"object-position: 43% 47%;\" data-object-position=\"43% 47%\" bad-src=\"data:image\/gif;base64,R0lGODlhAQABAIAAAAAAAP\/\/\/yH5BAEAAAAALAAAAAABAAEAAAIBRAA7\"\/><\/p>\n<p>        <\/a><\/p>\n<p>                    Sie m\u00f6chten diesem Profil folgen?<\/p>\n<p>Verpassen Sie nicht die neuesten Inhalte von diesem Profil: Melden Sie sich an, um neuen Inhalten von Profilen und Orten in Ihrem <strong>pers\u00f6nlichen Feed<\/strong> zu folgen.<\/p>\n<p>            \u00d7<\/p>\n<p>\n            <strong>14<\/strong> folgen diesem Profil\n        <\/p>\n","protected":false},"excerpt":{"rendered":"Ein Angriff im U-Bahnbereich des Bochumer Hauptbahnhofs sorgte am Abend des 6. Februar f\u00fcr einen Polizeieinsatz. Ein 19-J\u00e4hriger&hellip;\n","protected":false},"author":2,"featured_media":783832,"comment_status":"","ping_status":"","sticky":false,"template":"","format":"standard","meta":{"footnotes":"","_share_on_mastodon":"0"},"categories":[1839],"tags":[7507,3364,29,30,1209],"class_list":["post-783831","post","type-post","status-publish","format-standard","has-post-thumbnail","category-bochum","tag-bochum","tag-de","tag-deutschland","tag-germany","tag-nordrhein-westfalen"],"share_on_mastodon":{"url":"https:\/\/pubeurope.com\/@de\/116040326787461211","error":""},"_links":{"self":[{"href":"https:\/\/www.europesays.com\/de\/wp-json\/wp\/v2\/posts\/783831","targetHints":{"allow":["GET"]}}],"collection":[{"href":"https:\/\/www.europesays.com\/de\/wp-json\/wp\/v2\/posts"}],"about":[{"href":"https:\/\/www.europesays.com\/de\/wp-json\/wp\/v2\/types\/post"}],"author":[{"embeddable":true,"href":"https:\/\/www.europesays.com\/de\/wp-json\/wp\/v2\/users\/2"}],"replies":[{"embeddable":true,"href":"https:\/\/www.europesays.com\/de\/wp-json\/wp\/v2\/comments?post=783831"}],"version-history":[{"count":0,"href":"https:\/\/www.europesays.com\/de\/wp-json\/wp\/v2\/posts\/783831\/revisions"}],"wp:featuredmedia":[{"embeddable":true,"href":"https:\/\/www.europesays.com\/de\/wp-json\/wp\/v2\/media\/783832"}],"wp:attachment":[{"href":"https:\/\/www.europesays.com\/de\/wp-json\/wp\/v2\/media?parent=783831"}],"wp:term":[{"taxonomy":"category","embeddable":true,"href":"https:\/\/www.europesays.com\/de\/wp-json\/wp\/v2\/categories?post=783831"},{"taxonomy":"post_tag","embeddable":true,"href":"https:\/\/www.europesays.com\/de\/wp-json\/wp\/v2\/tags?post=783831"}],"curies":[{"name":"wp","href":"https:\/\/api.w.org\/{rel}","templated":true}]}}