{"id":784011,"date":"2026-02-09T12:39:11","date_gmt":"2026-02-09T12:39:11","guid":{"rendered":"https:\/\/www.europesays.com\/de\/784011\/"},"modified":"2026-02-09T12:39:11","modified_gmt":"2026-02-09T12:39:11","slug":"bauarbeiten-in-dobritz-zur-schulwegsicherung-am-gymnasium-linkselbisch-ost-beginnen-fahrbahnverschwenkung-neue-querung-leitungsumlegungen-und-phasen-mit-sperrungen","status":"publish","type":"post","link":"https:\/\/www.europesays.com\/de\/784011\/","title":{"rendered":"Bauarbeiten in Dobritz zur Schulwegsicherung am Gymnasium Linkselbisch-Ost beginnen \u2013 Fahrbahnverschwenkung, neue Querung, Leitungsumlegungen und Phasen mit Sperrungen"},"content":{"rendered":"<p>Im Dresdner Stadtteil Dobritz haben am heutigen Montag (9. Februar 2026) wichtige Bauarbeiten zur Schulwegsicherheit begonnen. Die Ma\u00dfnahmen betreffen die Bodenbacher Stra\u00dfe zwischen Dobritzer Stra\u00dfe und Paracelsusstra\u00dfe. Ziel ist, den Weg zum neuen Gymnasium Linkselbisch-Ost (Leo) sicherer zu machen.<\/p>\n<p>Die Arbeiten laufen in drei Bauphasen. In der ersten Phase, w\u00e4hrend der Winterferien, ist die Fahrbahn stadteinw\u00e4rts gesperrt. Ab dem 24. Februar 2026 wird auf die Fahrbahn stadtausw\u00e4rts umgesetzt. In der dritten Phase gibt es ab 18. Mai 2026 f\u00fcr 14 Tage eine Gleissperre. Dann richtet die DVB einen Schienenersatzverkehr ein. Die Informationen erhalten Fahrg\u00e4ste \u00fcber <a href=\"https:\/\/www.dvb.de\/de-de\/fahrplan\/linienaenderungen\" target=\"_blank\" rel=\"nofollow noopener\">www.dvb.de<\/a>.<\/p>\n<p>Wichtigster Baustein ist die Verbreiterung des s\u00fcdlichen Fu\u00dfweges am Gymnasium Leo. Zudem wird eine neue, signalgesicherte Querungshilfe \u00fcber Fahrbahn und Gleise gebaut. Die Fahrbahn stadtausw\u00e4rts wird verschwenkt, damit die neue Querung besser passt. Fu\u00dfg\u00e4nger und Anwohner k\u00f6nnen w\u00e4hrend der Bauzeit ihre Grundst\u00fccke zu Fu\u00df erreichen.<\/p>\n<p>Parallel sind umfangreiche Umverlegungen von Leitungen n\u00f6tig. Betroffen sind Telekommunikation, Energieversorgung durch SachsenEnergie und Anlagen der Dresdner Verkehrsbetriebe. Arbeiten an Stra\u00dfenentw\u00e4sserung und Beleuchtung sind ebenfalls geplant. Die Telekom beauftragt die FMG f\u00fcr ihre Leitungen; SachsenEnergie f\u00fchrt die Arbeiten an der Energieversorgung durch.<\/p>\n<p>Die Stra\u00dfen- und Tiefbauarbeiten werden von der Strabag AG Bereich Ostsachsen ausgef\u00fchrt. Die STESAD GmbH \u00fcbernimmt Planung und Projektleitung im Auftrag des Stra\u00dfen- und Tiefbauamtes. Die st\u00e4dtischen Baukosten liegen bei etwa 600.000 Euro und werden aus Eigenmitteln der Landeshauptstadt Dresden finanziert.<\/p>\n<p>Auch die Stra\u00dfenbahnhaltestelle im Baustellenbereich wird angepasst. Das betrifft die Querungsbedingungen und das erwartete Sch\u00fcleraufkommen. Der Fahrgastunterstand wird erneuert. Ziel ist, sicheren und gut nutzbaren Schulweg f\u00fcr die Sch\u00fclerinnen und Sch\u00fcler des neuen Gymnasiums zu schaffen.<\/p>\n","protected":false},"excerpt":{"rendered":"Im Dresdner Stadtteil Dobritz haben am heutigen Montag (9. Februar 2026) wichtige Bauarbeiten zur Schulwegsicherheit begonnen. Die Ma\u00dfnahmen&hellip;\n","protected":false},"author":2,"featured_media":784012,"comment_status":"","ping_status":"","sticky":false,"template":"","format":"standard","meta":{"footnotes":"","_share_on_mastodon":"0"},"categories":[1835],"tags":[177114,3364,29,2386,141343,72206,177116,30,177115,177119,177118,859,21686,23584,177117,120007],"class_list":["post-784011","post","type-post","status-publish","format-standard","has-post-thumbnail","category-dresden","tag-bodenbacher-strae","tag-de","tag-deutschland","tag-dresden","tag-dresden-news","tag-dvb","tag-dvb-ag","tag-germany","tag-gymnasium-leo","tag-gymnasium-linkselbisch-ost","tag-linie-2","tag-sachsen","tag-schulweg","tag-schulwegsicherheit","tag-stesad","tag-strabag"],"share_on_mastodon":{"url":"https:\/\/pubeurope.com\/@de\/116040719714689435","error":""},"_links":{"self":[{"href":"https:\/\/www.europesays.com\/de\/wp-json\/wp\/v2\/posts\/784011","targetHints":{"allow":["GET"]}}],"collection":[{"href":"https:\/\/www.europesays.com\/de\/wp-json\/wp\/v2\/posts"}],"about":[{"href":"https:\/\/www.europesays.com\/de\/wp-json\/wp\/v2\/types\/post"}],"author":[{"embeddable":true,"href":"https:\/\/www.europesays.com\/de\/wp-json\/wp\/v2\/users\/2"}],"replies":[{"embeddable":true,"href":"https:\/\/www.europesays.com\/de\/wp-json\/wp\/v2\/comments?post=784011"}],"version-history":[{"count":0,"href":"https:\/\/www.europesays.com\/de\/wp-json\/wp\/v2\/posts\/784011\/revisions"}],"wp:featuredmedia":[{"embeddable":true,"href":"https:\/\/www.europesays.com\/de\/wp-json\/wp\/v2\/media\/784012"}],"wp:attachment":[{"href":"https:\/\/www.europesays.com\/de\/wp-json\/wp\/v2\/media?parent=784011"}],"wp:term":[{"taxonomy":"category","embeddable":true,"href":"https:\/\/www.europesays.com\/de\/wp-json\/wp\/v2\/categories?post=784011"},{"taxonomy":"post_tag","embeddable":true,"href":"https:\/\/www.europesays.com\/de\/wp-json\/wp\/v2\/tags?post=784011"}],"curies":[{"name":"wp","href":"https:\/\/api.w.org\/{rel}","templated":true}]}}