{"id":784053,"date":"2026-02-09T13:01:13","date_gmt":"2026-02-09T13:01:13","guid":{"rendered":"https:\/\/www.europesays.com\/de\/784053\/"},"modified":"2026-02-09T13:01:13","modified_gmt":"2026-02-09T13:01:13","slug":"schuesse-auf-kfz-werkstatt-in-neukoelln-spezialeinheit-der-polizei-ermittelt","status":"publish","type":"post","link":"https:\/\/www.europesays.com\/de\/784053\/","title":{"rendered":"Sch\u00fcsse auf Kfz-Werkstatt in Neuk\u00f6lln \u2013 Spezialeinheit\u00a0der Polizei ermittelt"},"content":{"rendered":"<p>M\u00e4nner brechen in Barnim in vier Garagen einDrei M\u00e4nner sind in Oderberg (Landkreis Barnim) mutma\u00dflich in vier Garagen eingebrochen und haben zwei weitere besch\u00e4digt. Aus einer nahmen die Verd\u00e4chtigen zwei Notstromaggregate mit, hei\u00dft es von der Polizei. Aufgrund eines Zeugenhinweises konnten die drei M\u00e4nner zwischen 20 und 42 Jahren ausfindig gemacht werden.\u00a0<\/p>\n<p>Der j\u00fcngste floh zun\u00e4chst noch zu Fu\u00df, wurde aber in der Folge von den Beamten ebenfalls festgesetzt. Er wies laut einer Mitteilung einen Atemalkoholwert von 1,4 Promille auf. Zu den genauen Hintergr\u00fcnden der Tat war zun\u00e4chst nichts bekannt. Die Ermittlungen laufen, hie\u00df es von einem Sprecher.\u00a0<\/p>\n","protected":false},"excerpt":{"rendered":"M\u00e4nner brechen in Barnim in vier Garagen einDrei M\u00e4nner sind in Oderberg (Landkreis Barnim) mutma\u00dflich in vier Garagen&hellip;\n","protected":false},"author":2,"featured_media":784054,"comment_status":"","ping_status":"","sticky":false,"template":"","format":"standard","meta":{"footnotes":"","_share_on_mastodon":"0"},"categories":[1825],"tags":[1941,1939,296,1937,29,30,1940,1938],"class_list":["post-784053","post","type-post","status-publish","format-standard","has-post-thumbnail","category-berlin","tag-aktuelle-nachrichten-aus-berlin","tag-aktuelle-news-aus-berlin","tag-berlin","tag-berlin-news","tag-deutschland","tag-germany","tag-nachrichten-aus-berlin","tag-news-aus-berlin"],"share_on_mastodon":{"url":"https:\/\/pubeurope.com\/@de\/116040806174649130","error":""},"_links":{"self":[{"href":"https:\/\/www.europesays.com\/de\/wp-json\/wp\/v2\/posts\/784053","targetHints":{"allow":["GET"]}}],"collection":[{"href":"https:\/\/www.europesays.com\/de\/wp-json\/wp\/v2\/posts"}],"about":[{"href":"https:\/\/www.europesays.com\/de\/wp-json\/wp\/v2\/types\/post"}],"author":[{"embeddable":true,"href":"https:\/\/www.europesays.com\/de\/wp-json\/wp\/v2\/users\/2"}],"replies":[{"embeddable":true,"href":"https:\/\/www.europesays.com\/de\/wp-json\/wp\/v2\/comments?post=784053"}],"version-history":[{"count":0,"href":"https:\/\/www.europesays.com\/de\/wp-json\/wp\/v2\/posts\/784053\/revisions"}],"wp:featuredmedia":[{"embeddable":true,"href":"https:\/\/www.europesays.com\/de\/wp-json\/wp\/v2\/media\/784054"}],"wp:attachment":[{"href":"https:\/\/www.europesays.com\/de\/wp-json\/wp\/v2\/media?parent=784053"}],"wp:term":[{"taxonomy":"category","embeddable":true,"href":"https:\/\/www.europesays.com\/de\/wp-json\/wp\/v2\/categories?post=784053"},{"taxonomy":"post_tag","embeddable":true,"href":"https:\/\/www.europesays.com\/de\/wp-json\/wp\/v2\/tags?post=784053"}],"curies":[{"name":"wp","href":"https:\/\/api.w.org\/{rel}","templated":true}]}}