{"id":784055,"date":"2026-02-09T13:02:11","date_gmt":"2026-02-09T13:02:11","guid":{"rendered":"https:\/\/www.europesays.com\/de\/784055\/"},"modified":"2026-02-09T13:02:11","modified_gmt":"2026-02-09T13:02:11","slug":"reaktor-rueckbau-oeffentlichkeit-bringt-155-einwendungen-ein","status":"publish","type":"post","link":"https:\/\/www.europesays.com\/de\/784055\/","title":{"rendered":"Reaktor-R\u00fcckbau: \u00d6ffentlichkeit bringt 155 Einwendungen ein"},"content":{"rendered":"<p class=\"is-first-paragraph\" data-external=\"Article.FirstParagraph\">Im Verfahren zum R\u00fcckbau des Forschungsreaktors BER II in Berlin-Wannsee sind im Zuge der \u00d6ffentlichkeitsbeteiligung 155 fristgerechte Einwendungen eingereicht worden. In der sogenannten Auslegungsphase reichten B\u00fcrgerinnen und B\u00fcrger aus sechs Bundesl\u00e4ndern zu rund 40 Themenbereichen Einwendungen ein, wie die Senatsverwaltung f\u00fcr Mobilit\u00e4t, Verkehr, Klimaschutz und Umwelt mitteilte. Im Verfahren zur Stilllegung und zum Abbau des Reaktors sei eine wichtige Etappe nun abgeschlossen.<\/p>\n<p>Der Forschungsreaktor BER II wurde vom Helmholtz-Zentrum Berlin f\u00fcr Materialien und Energie (HZB) betrieben. Der BER II lieferte ausschlie\u00dflich Neutronen f\u00fcr wissenschaftliche Untersuchungen, die Kernspaltung erfolgte nicht zur Energiegewinnung. 2019 wurde der Betrieb eingestellt. F\u00fcr die Stilllegung und den Abbau des Reaktors l\u00e4uft derzeit ein Genehmigungsverfahren. Vom 18. November 2025 bis 28. Januar konnten Interessierte die Antragsunterlagen des HZB einsehen und Einwendungen gegen das Vorhaben einreichen.<\/p>\n<p>Die meisten Einwendungen kommen nicht aus Raum Berlin<\/p>\n<p>Den Angaben zufolge, haben in dem Zeitraum mehr als 500 Menschen die Unterlagen eingesehen, \u00fcberwiegend \u00fcber ein Online-Portal. Davon erfolgten rund 200 Zugriffe aus dem Raum Berlin. Laut Senatsverwaltung wurden die meisten Einwendungen aus Nordrhein-Westfalen eingereicht, rund ein Drittel kamen aus Berlin und Brandenburg. Zudem reichten zwei Naturschutzvereine sowie zwei weitere zivilgesellschaftliche Organisationen Stellungnahmen ein.<\/p>\n<p>Alle frist- sowie formgerecht eingegangenen Einwendungen w\u00fcrden nun von der atomrechtlichen Genehmigungsbeh\u00f6rde ausgewertet. Anschlie\u00dfend findet demnach eine Er\u00f6rterung statt, bei der die Einwendungen genauer erl\u00e4utert werden k\u00f6nnen. Danach erarbeite die Beh\u00f6rde eine zusammenfassende Darstellung und Bewertung der Umweltauswirkungen des Vorhabens. \u00abWann die Beh\u00f6rde \u00fcber den vorliegenden Antrag abschlie\u00dfend befinden wird, l\u00e4sst sich derzeit noch nicht absch\u00e4tzen\u00bb, hie\u00df es von der Senatsumweltverwaltung.<\/p>\n","protected":false},"excerpt":{"rendered":"Im Verfahren zum R\u00fcckbau des Forschungsreaktors BER II in Berlin-Wannsee sind im Zuge der \u00d6ffentlichkeitsbeteiligung 155 fristgerechte Einwendungen&hellip;\n","protected":false},"author":2,"featured_media":784056,"comment_status":"","ping_status":"","sticky":false,"template":"","format":"standard","meta":{"footnotes":"","_share_on_mastodon":"0"},"categories":[1825],"tags":[296,29,30],"class_list":["post-784055","post","type-post","status-publish","format-standard","has-post-thumbnail","category-berlin","tag-berlin","tag-deutschland","tag-germany"],"share_on_mastodon":{"url":"https:\/\/pubeurope.com\/@de\/116040810037737595","error":""},"_links":{"self":[{"href":"https:\/\/www.europesays.com\/de\/wp-json\/wp\/v2\/posts\/784055","targetHints":{"allow":["GET"]}}],"collection":[{"href":"https:\/\/www.europesays.com\/de\/wp-json\/wp\/v2\/posts"}],"about":[{"href":"https:\/\/www.europesays.com\/de\/wp-json\/wp\/v2\/types\/post"}],"author":[{"embeddable":true,"href":"https:\/\/www.europesays.com\/de\/wp-json\/wp\/v2\/users\/2"}],"replies":[{"embeddable":true,"href":"https:\/\/www.europesays.com\/de\/wp-json\/wp\/v2\/comments?post=784055"}],"version-history":[{"count":0,"href":"https:\/\/www.europesays.com\/de\/wp-json\/wp\/v2\/posts\/784055\/revisions"}],"wp:featuredmedia":[{"embeddable":true,"href":"https:\/\/www.europesays.com\/de\/wp-json\/wp\/v2\/media\/784056"}],"wp:attachment":[{"href":"https:\/\/www.europesays.com\/de\/wp-json\/wp\/v2\/media?parent=784055"}],"wp:term":[{"taxonomy":"category","embeddable":true,"href":"https:\/\/www.europesays.com\/de\/wp-json\/wp\/v2\/categories?post=784055"},{"taxonomy":"post_tag","embeddable":true,"href":"https:\/\/www.europesays.com\/de\/wp-json\/wp\/v2\/tags?post=784055"}],"curies":[{"name":"wp","href":"https:\/\/api.w.org\/{rel}","templated":true}]}}