{"id":784059,"date":"2026-02-09T13:04:10","date_gmt":"2026-02-09T13:04:10","guid":{"rendered":"https:\/\/www.europesays.com\/de\/784059\/"},"modified":"2026-02-09T13:04:10","modified_gmt":"2026-02-09T13:04:10","slug":"berlinale-startet-am-donnerstag-der-sternenhimmel-ueber-berlin","status":"publish","type":"post","link":"https:\/\/www.europesays.com\/de\/784059\/","title":{"rendered":"Berlinale startet am Donnerstag: Der Sternenhimmel \u00fcber Berlin"},"content":{"rendered":"<p>Der Himmel \u00fcber Berlin ist wolkig-grau. Am Potsdamer Platz ist es eisig, es wird Schneeregen vorausgesagt. Dennoch werden hier die n\u00e4chsten zwei Wochen viele Sterne zu sehen sein. Denn die Berlinale rollt wieder ihren roten Teppich am Marlene-Dietrich-Platz vor dem Berlinale Palast aus, wo das Festival am Donnerstagabend er\u00f6ffnet wird. Er\u00f6ffnungsfilm ist \u201eNo Good Men \u2013 Kabul Jan\u201d, eine afghanisch-europ\u00e4ische Produktion der Regisseurin Shahrbanoo Sadat, die als Liebesgeschichte einer Kamerafrau im Jahr 2021 durchaus verspricht, ein Feel-Good-Movie zu werden. <\/p>\n<p>&#13;<br \/>\n                Dieser Inhalt ist exklusiv f\u00fcr Digitalabonnent:innen der Kleinen Zeitung.&#13;\n              <\/p>\n<p>&#13;<br \/>\n                Leider lassen Ihre derzeitigen Cookie-Einstellungen den Login und damit eine \u00dcberpr\u00fcfung Ihres Abo-Status nicht zu. Eine Darstellung des Inhalts ist dadurch nicht m\u00f6glich.&#13;\n              <\/p>\n<p>&#13;<br \/>\n                Wir verwenden f\u00fcr die Benutzerverwaltung Services unseres Dienstleisters Piano Software Inc. (&#8222;Piano&#8220;).&#13;<br \/>\n                Dabei kommen Technologien wie Cookies zum Einsatz, die f\u00fcr die Einrichtung, Nutzung und Verwaltung Ihres Benutzerkontos unbedingt notwendig sind.&#13;<br \/>\n                Mit Klick auf &#8222;Angemeldet bleiben&#8220; aktivieren Sie zu diesem Zweck die Verwendung von Piano und es werden \u00fcber Ihren Browser Informationen (darunter auch personenbezogene Daten) verarbeitet.&#13;\n              <\/p>\n<p>&#13;<br \/>\n                Die Datenschutzinformation von Kleine Zeitung k\u00f6nnen Sie <a href=\"https:\/\/www.kleinezeitung.at\/dsi\" rel=\"nofollow noopener\" target=\"_blank\">hier<\/a> einsehen.&#13;\n              <\/p>\n<p>              &#13;<br \/>\n                Angemeldet bleiben&#13;<\/p>\n","protected":false},"excerpt":{"rendered":"Der Himmel \u00fcber Berlin ist wolkig-grau. Am Potsdamer Platz ist es eisig, es wird Schneeregen vorausgesagt. Dennoch werden&hellip;\n","protected":false},"author":2,"featured_media":784060,"comment_status":"","ping_status":"","sticky":false,"template":"","format":"standard","meta":{"footnotes":"","_share_on_mastodon":"0"},"categories":[1825],"tags":[296,29,30],"class_list":["post-784059","post","type-post","status-publish","format-standard","has-post-thumbnail","category-berlin","tag-berlin","tag-deutschland","tag-germany"],"share_on_mastodon":{"url":"https:\/\/pubeurope.com\/@de\/116040818040628652","error":""},"_links":{"self":[{"href":"https:\/\/www.europesays.com\/de\/wp-json\/wp\/v2\/posts\/784059","targetHints":{"allow":["GET"]}}],"collection":[{"href":"https:\/\/www.europesays.com\/de\/wp-json\/wp\/v2\/posts"}],"about":[{"href":"https:\/\/www.europesays.com\/de\/wp-json\/wp\/v2\/types\/post"}],"author":[{"embeddable":true,"href":"https:\/\/www.europesays.com\/de\/wp-json\/wp\/v2\/users\/2"}],"replies":[{"embeddable":true,"href":"https:\/\/www.europesays.com\/de\/wp-json\/wp\/v2\/comments?post=784059"}],"version-history":[{"count":0,"href":"https:\/\/www.europesays.com\/de\/wp-json\/wp\/v2\/posts\/784059\/revisions"}],"wp:featuredmedia":[{"embeddable":true,"href":"https:\/\/www.europesays.com\/de\/wp-json\/wp\/v2\/media\/784060"}],"wp:attachment":[{"href":"https:\/\/www.europesays.com\/de\/wp-json\/wp\/v2\/media?parent=784059"}],"wp:term":[{"taxonomy":"category","embeddable":true,"href":"https:\/\/www.europesays.com\/de\/wp-json\/wp\/v2\/categories?post=784059"},{"taxonomy":"post_tag","embeddable":true,"href":"https:\/\/www.europesays.com\/de\/wp-json\/wp\/v2\/tags?post=784059"}],"curies":[{"name":"wp","href":"https:\/\/api.w.org\/{rel}","templated":true}]}}