{"id":784061,"date":"2026-02-09T13:05:11","date_gmt":"2026-02-09T13:05:11","guid":{"rendered":"https:\/\/www.europesays.com\/de\/784061\/"},"modified":"2026-02-09T13:05:11","modified_gmt":"2026-02-09T13:05:11","slug":"berliner-tiergartentunnel-wegen-personalmangel-fuer-acht-stunden-gesperrt","status":"publish","type":"post","link":"https:\/\/www.europesays.com\/de\/784061\/","title":{"rendered":"Berliner Tiergartentunnel wegen Personalmangel f\u00fcr acht Stunden gesperrt"},"content":{"rendered":"<p>Der Berliner Tiergartentunnel wird am Montag von 13:30 bis 21:30 Uhr aus Sicherheitsgr\u00fcnden <b>zwischen Reichpietschufer und Heidestra\u00dfe<\/b> in beide Richtungen voll gesperrt. Das teilte die <a href=\"https:\/\/viz.berlin.de\/aktuelle-meldungen\/kurzfristige-vollsperrung-des-tiergartentunnels\/\" target=\"_blank\" rel=\"nofollow noopener\">Verkehrsinformationszentrale [viz-berlin.de]<\/a> mit. Grund f\u00fcr die achtst\u00fcndige Sperrung ist demnach Personalmangel.<\/p>\n<p>Betroffen von der Sperrung sind auch die Buslinien <b>M41<\/b> und <b>M85<\/b>. Die Linie M41 f\u00e4hrt demnach nicht zwischen S+U Potsdamer Platz und S+U Hauptbahnhof, beziehungsweise S+U Hauptbahnhof und S Potsdamer Platz\/Vo\u00dfstra\u00dfe. Die Linie M85 f\u00e4hrt nicht zwischen Kulturforum und S+U Hauptbahnhof beziehungsweise S+U Hauptbahnhof und S Potsdamer Platz\/Vo\u00dfstra\u00dfe.<\/p>\n<p>Erst im Januar war der Tiergartentunnel <a data-doctype=\"sendeplatz\" href=\"https:\/\/www.rbb24.de\/panorama\/beitrag\/2026\/01\/berlin-tiergartentunnel-sperrung-nachts-sicherheitsgruende.html\" rel=\"nofollow noopener\" target=\"_blank\">mehrere Tage lang<\/a> gesperrt.<\/p>\n","protected":false},"excerpt":{"rendered":"Der Berliner Tiergartentunnel wird am Montag von 13:30 bis 21:30 Uhr aus Sicherheitsgr\u00fcnden zwischen Reichpietschufer und Heidestra\u00dfe in&hellip;\n","protected":false},"author":2,"featured_media":784062,"comment_status":"","ping_status":"","sticky":false,"template":"","format":"standard","meta":{"footnotes":"","_share_on_mastodon":"0"},"categories":[1825],"tags":[296,29,30],"class_list":["post-784061","post","type-post","status-publish","format-standard","has-post-thumbnail","category-berlin","tag-berlin","tag-deutschland","tag-germany"],"share_on_mastodon":{"url":"https:\/\/pubeurope.com\/@de\/116040821997710352","error":""},"_links":{"self":[{"href":"https:\/\/www.europesays.com\/de\/wp-json\/wp\/v2\/posts\/784061","targetHints":{"allow":["GET"]}}],"collection":[{"href":"https:\/\/www.europesays.com\/de\/wp-json\/wp\/v2\/posts"}],"about":[{"href":"https:\/\/www.europesays.com\/de\/wp-json\/wp\/v2\/types\/post"}],"author":[{"embeddable":true,"href":"https:\/\/www.europesays.com\/de\/wp-json\/wp\/v2\/users\/2"}],"replies":[{"embeddable":true,"href":"https:\/\/www.europesays.com\/de\/wp-json\/wp\/v2\/comments?post=784061"}],"version-history":[{"count":0,"href":"https:\/\/www.europesays.com\/de\/wp-json\/wp\/v2\/posts\/784061\/revisions"}],"wp:featuredmedia":[{"embeddable":true,"href":"https:\/\/www.europesays.com\/de\/wp-json\/wp\/v2\/media\/784062"}],"wp:attachment":[{"href":"https:\/\/www.europesays.com\/de\/wp-json\/wp\/v2\/media?parent=784061"}],"wp:term":[{"taxonomy":"category","embeddable":true,"href":"https:\/\/www.europesays.com\/de\/wp-json\/wp\/v2\/categories?post=784061"},{"taxonomy":"post_tag","embeddable":true,"href":"https:\/\/www.europesays.com\/de\/wp-json\/wp\/v2\/tags?post=784061"}],"curies":[{"name":"wp","href":"https:\/\/api.w.org\/{rel}","templated":true}]}}