{"id":784102,"date":"2026-02-09T13:28:16","date_gmt":"2026-02-09T13:28:16","guid":{"rendered":"https:\/\/www.europesays.com\/de\/784102\/"},"modified":"2026-02-09T13:28:16","modified_gmt":"2026-02-09T13:28:16","slug":"jetzt-laeuft-der-ticketverkauf-fuer-das-gaswerk","status":"publish","type":"post","link":"https:\/\/www.europesays.com\/de\/784102\/","title":{"rendered":"Jetzt l\u00e4uft der Ticketverkauf f\u00fcr das Gaswerk"},"content":{"rendered":"<p class=\"mb-6 text-xs md:text-m lg:text-l font-serif group-[.font-sans]:font-sans \">\n    Am Freitag hat es eine erste Gespr\u00e4chsrunde zwischen Kulturschaffenden und Stadt Augsburg zu einem Innenstadt-Kulturprogramm in diesem Sommer gegeben,<a href=\"https:\/\/www.augsburger-allgemeine.de\/augsburg\/augsburg-augsburger-freilichtbuehne-bleibt-womoeglich-fuer-mehrere-jahre-geschlossen-113295083\" target=\"_self\" class=\"underline \" rel=\"nofollow noopener\"> nachdem die Freilichtb\u00fchne \u00fcberraschend geschlossen werden<\/a> muss. Verbindliche Ergebnisse gab es nicht &#8211; auf dem Treffen wurden Ideen gesammelt, was an welchen Orten kurz- oder mittelfristig denkbar w\u00e4re. Erste Ergebnisse sollen in den kommenden Wochen vorliegen, so die Stadt.\n  <\/p>\n<p class=\"mb-6 text-xs md:text-m lg:text-l font-serif group-[.font-sans]:font-sans \">\n    Kulturreferent J\u00fcrgen Enninger (Gr\u00fcne) erkl\u00e4rte im Nachgang, er danke allen Kulturschaffenden, die \u201ein dieser herausfordernden Situation\u201c dazu beitragen wollen, dass \u201enicht weniger, sondern mehr Kunst und Kultur Raum in der Stadt finden k\u00f6nnen\u201c. Von der <a href=\"https:\/\/www.augsburger-allgemeine.de\/augsburg\/augsburg-stadt-gruendet-runden-tisch-zur-freilichtbuehne-fuer-kulturprogramm-in-der-innenstadt-113330399\" target=\"_self\" class=\"underline \" rel=\"nofollow noopener\">SPD und dem Theaterviertelverein war ein gro\u00df angelegter Kultursommer in der Stadt an zentralen Pl\u00e4tzen gefordert worden<\/a>. Nachdem die Stadt wegen der Kurzfristigkeit aber am <a href=\"https:\/\/www.augsburger-allgemeine.de\/orte\/aa-gaswerk-augsburg\" target=\"_self\" class=\"underline \" rel=\"nofollow noopener\">Gaswerk<\/a> als Hauptersatz f\u00fcr die Freilichtb\u00fchne festhalten m\u00f6chte, ist offen, was in der Innenstadt stattfinden kann. Ein Ansatz mit kleineren Veranstaltungen war bereits in der Zeit nach Corona verfolgt worden.\n  <\/p>\n<p>            Vorverkauf f\u00fcrs Gaswerk in Augsburg ist wieder angelaufen<\/p>\n<p class=\"mb-6 text-xs md:text-m lg:text-l font-serif group-[.font-sans]:font-sans \">\n    Seit Dienstag l\u00e4uft f\u00fcrs Gaswerk der Vorverkauf f\u00fcr die Konzerte von Schiller (10. August) und Gert Steinb\u00e4cker &amp; Guest (14. August) weiter. Tickets gibt es unter<a href=\"https:\/\/augsburger-stadtsommer.de\/\" rel=\"nofollow noopener\" target=\"_blank\" class=\"underline \"> augsburger-stadtsommer.de<\/a>. F\u00fcr Gerhard Polt und die Well-Br\u00fcder (11. August) gibt es einzelne R\u00fcckl\u00e4uferkarten. Der neue Sitzplatzplan f\u00fcrs Gaswerk ist ebenfalls abrufbar. Der \u00fcberwiegende Teil der knapp 2200 Sitzpl\u00e4tze wird identisch platziert sein. R\u00fcckabgewickelt wird der Konzerttermin der Sportfreunde Stiller, die <a href=\"https:\/\/www.augsburger-allgemeine.de\/augsburg\/nach-sperrung-der-freilichtbuehne-sportfreunde-stiller-kommen-doch-nach-augsburg-09-02-113391519\" target=\"_self\" class=\"underline \" rel=\"nofollow noopener\">nun im Oktober in die Kongresshalle kommen<\/a> werden.\n  <\/p>\n<p>      <a href=\"https:\/\/www.augsburger-allgemeine.de\/augsburg\/augsburg-nach-schliessung-der-augsburger-freilichtbuehne-was-tun-mit-bereits-gekauften-karten-113296375\" class=\"hidden  &#010;                md:block md:mr-5 md:min-w-[140px]  aspect-photo md:aspect-tv lg:aspect-tv w-fullXXX relative self-start inline overflow-hidden\" rel=\"nofollow noopener\" target=\"_blank\"><\/p>\n<p>    <img decoding=\"async\" src=\"\" alt=\"Gerhard Polt und die Well-Br\u00fcder w\u00e4ren diesen Sommer auf der Freilichtb\u00fchne Augsburg aufgetreten. Weil das Open-Air-Areal aufgrund baulicher M\u00e4ngel geschlossen wird, weichen die K\u00fcnstler ans Gaswerk aus. Was mit den gekauften Karten passiert.\" title=\"Gerhard Polt und die Well-Br\u00fcder w\u00e4ren diesen Sommer auf der Freilichtb\u00fchne Augsburg aufgetreten. Weil das Open-Air-Areal aufgrund baulicher M\u00e4ngel geschlossen wird, weichen die K\u00fcnstler ans Gaswerk aus. Was mit den gekauften Karten passiert.\" loading=\"lazy\" class=\"h-full w-full object-cover\"\/><br \/>\n   <\/a><\/p>\n<p class=\"mb-6 text-xs md:text-m lg:text-l font-serif group-[.font-sans]:font-sans \">\n    Am Gaswerk hat die Stadt f\u00fcr den 15. und 16. August neue Konzerttermine ausgeschrieben. Die Stadt sucht daf\u00fcr nach Veranstaltern. Laut Enninger sind f\u00fcr den 12. und 13. August bereits zwei weitere Formate mit jugendkulturellem Schwerpunkt geplant. Beim Staatstheater l\u00e4uft unterdessen die R\u00fcckabwicklung bereits verkaufter Karten weiter. Im M\u00e4rz soll der Vorverkaufsstart f\u00fcrs Musical \u201eMonty Python\u2018s Spamalot\u201c neu gestartet werden.\n  <\/p>\n<ul data-module-id=\"DragDropModule\" class=\"flex flex-wrap justify-start group-[.no-bookmarks]:hidden\">\n<li class=\"mb-3 mr-3\">\n    Stefan Krog<\/p>\n<p>      Icon Haken im Kreis gesetzt<\/p>\n<p>      Icon Plus im Kreis<\/p>\n<\/li>\n<li class=\"mb-3 mr-3\">\n    Freilichtb\u00fchne<\/p>\n<p>      Icon Haken im Kreis gesetzt<\/p>\n<p>      Icon Plus im Kreis<\/p>\n<\/li>\n<li class=\"mb-3 mr-3\">\n    Gaswerk<\/p>\n<p>      Icon Haken im Kreis gesetzt<\/p>\n<p>      Icon Plus im Kreis<\/p>\n<\/li>\n<\/ul>\n","protected":false},"excerpt":{"rendered":"Am Freitag hat es eine erste Gespr\u00e4chsrunde zwischen Kulturschaffenden und Stadt Augsburg zu einem Innenstadt-Kulturprogramm in diesem Sommer&hellip;\n","protected":false},"author":2,"featured_media":784103,"comment_status":"","ping_status":"","sticky":false,"template":"","format":"standard","meta":{"footnotes":"","_share_on_mastodon":"0"},"categories":[1846],"tags":[680,772,162,3364,29,548,663,3934,66046,115761,30,150000,109197,13,143072,80,14,15,12,184,22208],"class_list":["post-784102","post","type-post","status-publish","format-standard","has-post-thumbnail","category-augsburg","tag-augsburg","tag-bayern","tag-coronavirus","tag-de","tag-deutschland","tag-eu","tag-europa","tag-europe","tag-freilichtbuehne","tag-gaswerk","tag-germany","tag-gert-steinbaecker","tag-gespraechsrunde","tag-headlines","tag-juergen-enninger","tag-kultur","tag-nachrichten","tag-news","tag-schlagzeilen","tag-spd","tag-ticketverkauf"],"share_on_mastodon":{"url":"https:\/\/pubeurope.com\/@de\/116040912432057109","error":""},"_links":{"self":[{"href":"https:\/\/www.europesays.com\/de\/wp-json\/wp\/v2\/posts\/784102","targetHints":{"allow":["GET"]}}],"collection":[{"href":"https:\/\/www.europesays.com\/de\/wp-json\/wp\/v2\/posts"}],"about":[{"href":"https:\/\/www.europesays.com\/de\/wp-json\/wp\/v2\/types\/post"}],"author":[{"embeddable":true,"href":"https:\/\/www.europesays.com\/de\/wp-json\/wp\/v2\/users\/2"}],"replies":[{"embeddable":true,"href":"https:\/\/www.europesays.com\/de\/wp-json\/wp\/v2\/comments?post=784102"}],"version-history":[{"count":0,"href":"https:\/\/www.europesays.com\/de\/wp-json\/wp\/v2\/posts\/784102\/revisions"}],"wp:featuredmedia":[{"embeddable":true,"href":"https:\/\/www.europesays.com\/de\/wp-json\/wp\/v2\/media\/784103"}],"wp:attachment":[{"href":"https:\/\/www.europesays.com\/de\/wp-json\/wp\/v2\/media?parent=784102"}],"wp:term":[{"taxonomy":"category","embeddable":true,"href":"https:\/\/www.europesays.com\/de\/wp-json\/wp\/v2\/categories?post=784102"},{"taxonomy":"post_tag","embeddable":true,"href":"https:\/\/www.europesays.com\/de\/wp-json\/wp\/v2\/tags?post=784102"}],"curies":[{"name":"wp","href":"https:\/\/api.w.org\/{rel}","templated":true}]}}