{"id":784202,"date":"2026-02-09T14:25:11","date_gmt":"2026-02-09T14:25:11","guid":{"rendered":"https:\/\/www.europesays.com\/de\/784202\/"},"modified":"2026-02-09T14:25:11","modified_gmt":"2026-02-09T14:25:11","slug":"pastateig-mit-ganz-viel-liebe","status":"publish","type":"post","link":"https:\/\/www.europesays.com\/de\/784202\/","title":{"rendered":"Pastateig mit ganz viel Liebe"},"content":{"rendered":"<p>Auch mit 90 Jahren sind Nonna\u00a0(dt. &#8222;Oma&#8220;) Angela Matarreses H\u00e4nde immer noch kr\u00e4ftig. Das liegt an ihrer lebenslangen Leidenschaft f\u00fcr die ber\u00fchmtesten Teigwaren ihrer Heimat <a class=\"internal-link\" href=\"https:\/\/www.dw.com\/de\/italien\/t-17287308\" rel=\"nofollow noopener\" target=\"_blank\">Italien<\/a>: Pasta. Seit\u00a085 Jahren macht sie <a class=\"internal-link\" href=\"https:\/\/www.dw.com\/de\/die-nudel-italiens-corona-exportschlager\/a-56311609\" rel=\"nofollow noopener\" target=\"_blank\">Nudeln<\/a>\u00a0in Handarbeit: &#8222;Ich war f\u00fcnf Jahre alt, als ich damit angefangen habe. Eine alte Frau hat mir gezeigt, wie man mit Mehl arbeitet.&#8220;\u00a0<\/p>\n<p><img data-format=\"MASTER_LANDSCAPE\" data-id=\"75801724\" data-url=\"https:\/\/static.dw.com\/image\/75801724_${formatId}.jpg\" data-aspect-ratio=\"16\/9\" alt=\"H\u00e4nde einer alten Frau, die in einer Sch\u00fcssel einen Teig kneten. \" style=\"padding-bottom: 56.25%; height: 0; max-height: 0;\"\/>Die Muskelkraft f\u00fcrs Teigkneten hat Angela Matarrese sich bewahrtBild: Lilli F\u00f6rter\/dpa\/picture alliance<\/p>\n<p>Heute ist Angela Matarrese mit 90 Jahren selbst eine alte Frau, aber unt\u00e4tig herumsitzen ist ihre Sache nicht. Fast ihr ganzes Leben hat sie in einer K\u00fcche gestanden und gearbeitet.<\/p>\n<p>Aus dem italienischen Dorf nach Berlin<\/p>\n<p>In j\u00fcngeren Jahren hat Angela Matarrese\u00a0eine Pizzeria in ihrer italienischen Heimat, der Region Basilikata, betrieben, gemeinsam mit ihrem Ehemann. Nachdem er\u00a0in den 1980er-Jahren gestorben war, holte ihr Sohn Pino Bianco sie schlie\u00dflich nach\u00a0<a class=\"internal-link\" href=\"https:\/\/www.dw.com\/de\/berlin\/t-18436161\" rel=\"nofollow noopener\" target=\"_blank\">Berlin<\/a>. Auf die Kochk\u00fcnste seiner Mutter wollte er in seiner\u00a0Trattoria a&#8216;\u00a0Muntagnola im Stadtteil Sch\u00f6neberg nicht verzichten. F\u00fcr sie war der Umzug in die Millionenstadt allerdings eine gro\u00dfe Umstellung: &#8222;Ich kam aus einem Dorf, in dem noch nicht einmal Z\u00fcge hielten!&#8220;<\/p>\n<blockquote class=\"instagram embed\" data-href=\"https:\/\/www.instagram.com\/reel\/DUgFEM7iNPm\/?igsh=ejl6NDlnZ2kxd2N4\"\/>\n<p>Das ist lange her, l\u00e4ngst ist die Trattoria ihr Lebensmittelpunkt geworden: &#8222;Ich habe mich mit Leib und Seele diesem Restaurant verschrieben, und auch heute noch, in meinem Alter, bin ich immer noch dabei, alles zu kontrollieren, immer\u00a0zu arbeiten.&#8220;<\/p>\n<p>Ausgezeichnete Handarbeit<\/p>\n<p>Mehrere Kilo Pasta sind es, die sie an einem Tag knetet. Nat\u00fcrlich k\u00f6nnten Maschinen diese Arbeit \u00fcbernehmen, aber davon h\u00e4lt Angela Matarrese gar nichts: &#8222;Wenn man von Hand arbeitet, wei\u00df man sofort, ob es fertig ist oder nicht, und man \u00fcbertr\u00e4gt seine Gef\u00fchle, seine Pers\u00f6nlichkeit auf die Pasta. Ich gebe\u00a0dem Teig meine ganze Liebe.&#8220; Das schmecken\u00a0ihre G\u00e4ste offenbar auch: Im vergangenen November zeichnete die Jury der Berliner &#8222;True Italian Awards 2025&#8220; Angela Matarrese\u00a0und ihren Sohn Pino mit dem Karrierepreis aus.\u00a0<\/p>\n<p>Ein Aufh\u00f6ren kommt f\u00fcr &#8222;Nonna Angela&#8220; nicht infrage:\u00a0&#8222;Zu Hause langweile ich mich. Ich muss etwas tun. Aber ich habe Gl\u00fcck, dass ich mit neunzig Jahren noch diesen Elan habe!&#8220;<\/p>\n<p><script async src=\"\/\/www.instagram.com\/embed.js\"><\/script><\/p>\n","protected":false},"excerpt":{"rendered":"Auch mit 90 Jahren sind Nonna\u00a0(dt. &#8222;Oma&#8220;) Angela Matarreses H\u00e4nde immer noch kr\u00e4ftig. Das liegt an ihrer lebenslangen&hellip;\n","protected":false},"author":2,"featured_media":784203,"comment_status":"","ping_status":"","sticky":false,"template":"","format":"standard","meta":{"footnotes":"","_share_on_mastodon":"0"},"categories":[1825],"tags":[296,29,30],"class_list":["post-784202","post","type-post","status-publish","format-standard","has-post-thumbnail","category-berlin","tag-berlin","tag-deutschland","tag-germany"],"share_on_mastodon":{"url":"https:\/\/pubeurope.com\/@de\/116041136638298710","error":""},"_links":{"self":[{"href":"https:\/\/www.europesays.com\/de\/wp-json\/wp\/v2\/posts\/784202","targetHints":{"allow":["GET"]}}],"collection":[{"href":"https:\/\/www.europesays.com\/de\/wp-json\/wp\/v2\/posts"}],"about":[{"href":"https:\/\/www.europesays.com\/de\/wp-json\/wp\/v2\/types\/post"}],"author":[{"embeddable":true,"href":"https:\/\/www.europesays.com\/de\/wp-json\/wp\/v2\/users\/2"}],"replies":[{"embeddable":true,"href":"https:\/\/www.europesays.com\/de\/wp-json\/wp\/v2\/comments?post=784202"}],"version-history":[{"count":0,"href":"https:\/\/www.europesays.com\/de\/wp-json\/wp\/v2\/posts\/784202\/revisions"}],"wp:featuredmedia":[{"embeddable":true,"href":"https:\/\/www.europesays.com\/de\/wp-json\/wp\/v2\/media\/784203"}],"wp:attachment":[{"href":"https:\/\/www.europesays.com\/de\/wp-json\/wp\/v2\/media?parent=784202"}],"wp:term":[{"taxonomy":"category","embeddable":true,"href":"https:\/\/www.europesays.com\/de\/wp-json\/wp\/v2\/categories?post=784202"},{"taxonomy":"post_tag","embeddable":true,"href":"https:\/\/www.europesays.com\/de\/wp-json\/wp\/v2\/tags?post=784202"}],"curies":[{"name":"wp","href":"https:\/\/api.w.org\/{rel}","templated":true}]}}