{"id":784284,"date":"2026-02-09T15:16:13","date_gmt":"2026-02-09T15:16:13","guid":{"rendered":"https:\/\/www.europesays.com\/de\/784284\/"},"modified":"2026-02-09T15:16:13","modified_gmt":"2026-02-09T15:16:13","slug":"olympische-winterspiele-2026-lindsey-vonn-laut-medienbericht-ein-zweites-mal-operiert","status":"publish","type":"post","link":"https:\/\/www.europesays.com\/de\/784284\/","title":{"rendered":"Olympische Winterspiele 2026: Lindsey Vonn laut Medienbericht ein zweites Mal operiert"},"content":{"rendered":"<p>Claudia Pechstein abgel\u00f6st: Snowboarderin schreibt mit 52 Geschichte<\/p>\n<p><strong>Snowboarderin Claudia Riegler<\/strong> aus \u00d6sterreich l\u00f6st die deutsche Olympiasiegerin Claudia Pechstein als <strong>\u00e4lteste Starterin<\/strong> ab, die jemals an einem Wettkampf bei den Olympischen Winterspielen teilgenommen hat. Die 52-J\u00e4hrige tritt im Parallel-Riesenslalom an und scheidet dort im Achtelfinale gegen Ester Ledecka aus.<\/p>\n<p>&#8222;Ich kann immer noch mit den jungen M\u00e4dchen mithalten und mich mit ihnen messen&#8220;, sagte Riegler, die im November 1994 ihr Weltcup-Deb\u00fct feierte. Mit 30 Jahren sei sie laut eigener Aussage aus dem \u00f6sterreichischen Aufgebot geworfen worden. <strong>&#8222;Man sagte mir, ich sei zu alt&#8220;,<\/strong> so Riegler. Sp\u00e4ter kehrte sie jedoch zur\u00fcck. &#8222;Meine gr\u00f6\u00dfte Motivation ist jetzt mein Alter und ich wei\u00df, dass ich immer noch schnell sein kann, und das macht mich stolz.&#8220;<\/p>\n<p>Die ehemalige Weltklasse-Eisschnelll\u00e4uferin <strong>Pechstein<\/strong> <strong>gewann f\u00fcnf Mal Olympia-Gold<\/strong> und startete letztmalig 2022 kurz vor ihrem 50. Geburtstag. Im <strong>Guinness-Buch<\/strong> der Rekorde wird indes <strong>Anne Abernathy<\/strong> als \u00e4lteste Athletin bei Winterspielen aufgef\u00fchrt, allerdings brach sich die fr\u00fchere Rodlerin von den <strong>Amerikanischen Jungferninseln<\/strong> im Training der Spiele 2006 ein Handgelenk und kam daher \u2013 ebenfalls im Alter von 52 Jahren \u2013 nicht zu einem Wettkampfeinsatz.<\/p>\n","protected":false},"excerpt":{"rendered":"Claudia Pechstein abgel\u00f6st: Snowboarderin schreibt mit 52 Geschichte Snowboarderin Claudia Riegler aus \u00d6sterreich l\u00f6st die deutsche Olympiasiegerin Claudia&hellip;\n","protected":false},"author":2,"featured_media":784285,"comment_status":"","ping_status":"","sticky":false,"template":"","format":"standard","meta":{"footnotes":"","_share_on_mastodon":"0"},"categories":[5],"tags":[331,332,3364,29,30,13,14,15,12],"class_list":["post-784284","post","type-post","status-publish","format-standard","has-post-thumbnail","category-nachrichten","tag-aktuelle-nachrichten","tag-aktuelle-news","tag-de","tag-deutschland","tag-germany","tag-headlines","tag-nachrichten","tag-news","tag-schlagzeilen"],"share_on_mastodon":{"url":"https:\/\/pubeurope.com\/@de\/116041337037453234","error":""},"_links":{"self":[{"href":"https:\/\/www.europesays.com\/de\/wp-json\/wp\/v2\/posts\/784284","targetHints":{"allow":["GET"]}}],"collection":[{"href":"https:\/\/www.europesays.com\/de\/wp-json\/wp\/v2\/posts"}],"about":[{"href":"https:\/\/www.europesays.com\/de\/wp-json\/wp\/v2\/types\/post"}],"author":[{"embeddable":true,"href":"https:\/\/www.europesays.com\/de\/wp-json\/wp\/v2\/users\/2"}],"replies":[{"embeddable":true,"href":"https:\/\/www.europesays.com\/de\/wp-json\/wp\/v2\/comments?post=784284"}],"version-history":[{"count":0,"href":"https:\/\/www.europesays.com\/de\/wp-json\/wp\/v2\/posts\/784284\/revisions"}],"wp:featuredmedia":[{"embeddable":true,"href":"https:\/\/www.europesays.com\/de\/wp-json\/wp\/v2\/media\/784285"}],"wp:attachment":[{"href":"https:\/\/www.europesays.com\/de\/wp-json\/wp\/v2\/media?parent=784284"}],"wp:term":[{"taxonomy":"category","embeddable":true,"href":"https:\/\/www.europesays.com\/de\/wp-json\/wp\/v2\/categories?post=784284"},{"taxonomy":"post_tag","embeddable":true,"href":"https:\/\/www.europesays.com\/de\/wp-json\/wp\/v2\/tags?post=784284"}],"curies":[{"name":"wp","href":"https:\/\/api.w.org\/{rel}","templated":true}]}}