{"id":784345,"date":"2026-02-09T15:49:15","date_gmt":"2026-02-09T15:49:15","guid":{"rendered":"https:\/\/www.europesays.com\/de\/784345\/"},"modified":"2026-02-09T15:49:15","modified_gmt":"2026-02-09T15:49:15","slug":"mehrere-verletzte-nach-bus-notbremsung-in-schoeneberg","status":"publish","type":"post","link":"https:\/\/www.europesays.com\/de\/784345\/","title":{"rendered":"Mehrere Verletzte nach Bus-Notbremsung in Sch\u00f6neberg"},"content":{"rendered":"<p class=\"expressive-copy-lg-body\">Auf der Hauptstra\u00dfe in <a href=\"https:\/\/www.morgenpost.de\/bezirke\/tempelhof-schoeneberg\/\" target=\"_blank\" rel=\"nofollow noopener\">Berlin-Sch\u00f6neberg<\/a> hat es am Montagnachmittag einen Unfall gegeben. Den Angaben der <a href=\"https:\/\/www.morgenpost.de\/berlin\/feuerwehr-berlin\/\" target=\"_blank\" rel=\"nofollow noopener\">Feuerwehr<\/a> zufolge hatte ein Busfahrer eine Notbremsung machen m\u00fcssen. Dabei seien zwei Personen schwer und acht Personen leicht verletzt worden. <\/p>\n<p>            Morgenpost der Chefredaktion<\/p>\n<p>Die ersten News des Tages \u2013 direkt von der Chefredaktion. Montag bis Samstag um 6:30 Uhr.<\/p>\n<p>            <img decoding=\"async\" src=\"https:\/\/www.europesays.com\/de\/wp-content\/uploads\/2026\/02\/1770630135_22_newsletter-envelope.png\" alt=\"Newsletter Illustration\" class=\"h-full w-full max-w-full object-cover md:max-w-[226px] lg:max-w-[234px]\" loading=\"lazy\"\/><\/p>\n<p>              Morgenpost der Chefredaktion<\/p>\n<p>Die ersten News des Tages \u2013 direkt von der Chefredaktion. Montag bis Samstag um 6:30 Uhr.<\/p>\n<p>              Mit meiner Anmeldung zum Newsletter stimme ich der<br \/>\n              <a href=\"https:\/\/www.morgenpost.de\/service\/newsletter-adconsent\" class=\"text-copy-accent underline decoration-solid underline-offset-1 hover:text-primary-700\" rel=\"nofollow noopener\" target=\"_blank\">Werbevereinbarung<\/a><br \/>\n              zu.<\/p>\n<p class=\"expressive-copy-lg-body\">\u201eAktuell l\u00e4uft der Transport der Verletzten in geeignete Krankenh\u00e4user\u201c, hie\u00df es von der Feuerwehr gegen 16.30 Uhr. 30 Einsatzkr\u00e4fte seien vor Ort. Laut der Verkehrsinformationszentrale Berlin ist die Hauptstra\u00dfe stadteinw\u00e4rts zwischen Rubensstra\u00dfe und Innsbrucker Platz gesperrt.<\/p>\n<p class=\"expressive-copy-lg-body\">JP<\/p>\n","protected":false},"excerpt":{"rendered":"Auf der Hauptstra\u00dfe in Berlin-Sch\u00f6neberg hat es am Montagnachmittag einen Unfall gegeben. Den Angaben der Feuerwehr zufolge hatte&hellip;\n","protected":false},"author":2,"featured_media":784346,"comment_status":"","ping_status":"","sticky":false,"template":"","format":"standard","meta":{"footnotes":"","_share_on_mastodon":"0"},"categories":[1825],"tags":[1941,1939,296,1937,29,30,1940,1938],"class_list":["post-784345","post","type-post","status-publish","format-standard","has-post-thumbnail","category-berlin","tag-aktuelle-nachrichten-aus-berlin","tag-aktuelle-news-aus-berlin","tag-berlin","tag-berlin-news","tag-deutschland","tag-germany","tag-nachrichten-aus-berlin","tag-news-aus-berlin"],"share_on_mastodon":{"url":"https:\/\/pubeurope.com\/@de\/116041466819329065","error":""},"_links":{"self":[{"href":"https:\/\/www.europesays.com\/de\/wp-json\/wp\/v2\/posts\/784345","targetHints":{"allow":["GET"]}}],"collection":[{"href":"https:\/\/www.europesays.com\/de\/wp-json\/wp\/v2\/posts"}],"about":[{"href":"https:\/\/www.europesays.com\/de\/wp-json\/wp\/v2\/types\/post"}],"author":[{"embeddable":true,"href":"https:\/\/www.europesays.com\/de\/wp-json\/wp\/v2\/users\/2"}],"replies":[{"embeddable":true,"href":"https:\/\/www.europesays.com\/de\/wp-json\/wp\/v2\/comments?post=784345"}],"version-history":[{"count":0,"href":"https:\/\/www.europesays.com\/de\/wp-json\/wp\/v2\/posts\/784345\/revisions"}],"wp:featuredmedia":[{"embeddable":true,"href":"https:\/\/www.europesays.com\/de\/wp-json\/wp\/v2\/media\/784346"}],"wp:attachment":[{"href":"https:\/\/www.europesays.com\/de\/wp-json\/wp\/v2\/media?parent=784345"}],"wp:term":[{"taxonomy":"category","embeddable":true,"href":"https:\/\/www.europesays.com\/de\/wp-json\/wp\/v2\/categories?post=784345"},{"taxonomy":"post_tag","embeddable":true,"href":"https:\/\/www.europesays.com\/de\/wp-json\/wp\/v2\/tags?post=784345"}],"curies":[{"name":"wp","href":"https:\/\/api.w.org\/{rel}","templated":true}]}}