{"id":784353,"date":"2026-02-09T15:53:17","date_gmt":"2026-02-09T15:53:17","guid":{"rendered":"https:\/\/www.europesays.com\/de\/784353\/"},"modified":"2026-02-09T15:53:17","modified_gmt":"2026-02-09T15:53:17","slug":"berlin-unfall-mit-linienbus-in-berlin-schoeneberg-zehn-fahrgaeste-verletzt","status":"publish","type":"post","link":"https:\/\/www.europesays.com\/de\/784353\/","title":{"rendered":"Berlin: Unfall mit Linienbus in Berlin-Sch\u00f6neberg: Zehn Fahrg\u00e4ste verletzt"},"content":{"rendered":"<p>            <img loading=\"lazy\" decoding=\"async\" class=\"ts-image\" src=\"https:\/\/www.europesays.com\/de\/wp-content\/uploads\/2026\/02\/rbb-audio-rbb-88-8-09-02-2026-ricardo-westphal-100.jpg\" alt=\"Symbolbild: Ein Polizeiauto und ein Rettungswagen mit Blaulicht. (Quelle: dpa\/Jens Kalaene)\" title=\"Audio: rbb 88.8 | 09.02.2026 | Ricardo Westphal | dpa\/Jens Kalaene\"\/><\/p>\n<p class=\"metatextline\">Stand: 09.02.2026 16:40 Uhr<\/p>\n<p class=\"textabsatz m-ten m-offset-one l-eight l-offset-two columns twelve\">Bei einem Unfall eines Linienbusses am Innsbrucker Platz in Berlin-Sch\u00f6neberg sind am Montagnachmittag zwei Menschen schwer verletzt worden.<\/p>\n<p>Nach Angaben der Feuerwehr musste der Fahrer des Linienbusses unerwartet stark bremsen. Durch die Gefahrenbremsung wurden demnach zehn Insassen verletzt, zwei von ihnen schwer.<\/p>\n<p>    Kein Zusammensto\u00df mit anderen Fahrzeugen<\/p>\n<p class=\"textabsatz m-ten m-offset-one l-eight l-offset-two columns twelve\">Der Grund f\u00fcr die Vollbremsung ist noch unklar. Einen Zusammensto\u00df mit anderen Fahrzeugen soll es aber nicht gegeben haben.<\/p>\n<p>Die Feuerwehr ist nach eigenen Angaben mit rund 30 Kr\u00e4ften im Einsatz. Die Hauptstra\u00dfe in Sch\u00f6neberg wurde stadteinw\u00e4rts zwischen Rubensstra\u00dfe und Innsbrucker Platz gesperrt.<\/p>\n<p class=\"textabsatz m-ten m-offset-one l-eight l-offset-two columns twelve\">Sendung: rbb 88.8, 09.02.2026, 16:30 Uhr<\/p>\n<p>                                        <a class=\"backlink__link\" href=\"https:\/\/www.rbb24.de\/panorama\/beitrag\/2026\/02\/berlin-schoeneberg-unfall-linienbus-innsbrucker-platz-verletzte.html\" rel=\"nofollow noopener\" target=\"_blank\"><\/p>\n<p>                                                <img decoding=\"async\" src=\"https:\/\/images.tagesschau.de\/image\/898f19c3-6760-4be2-a33f-1fa765216ec2\/AAABlap_olM\/AAABmyZDc0k\/original\/lra-rbb-logo-100.svg\" alt=\"Rundfunk Berlin-Brandenburg\"\/><\/p>\n<p>                                        <\/a><\/p>\n","protected":false},"excerpt":{"rendered":"Stand: 09.02.2026 16:40 Uhr Bei einem Unfall eines Linienbusses am Innsbrucker Platz in Berlin-Sch\u00f6neberg sind am Montagnachmittag zwei&hellip;\n","protected":false},"author":2,"featured_media":784354,"comment_status":"","ping_status":"","sticky":false,"template":"","format":"standard","meta":{"footnotes":"","_share_on_mastodon":"0"},"categories":[1825],"tags":[296,29,30,2239],"class_list":["post-784353","post","type-post","status-publish","format-standard","has-post-thumbnail","category-berlin","tag-berlin","tag-deutschland","tag-germany","tag-rbb"],"share_on_mastodon":{"url":"https:\/\/pubeurope.com\/@de\/116041482964572770","error":""},"_links":{"self":[{"href":"https:\/\/www.europesays.com\/de\/wp-json\/wp\/v2\/posts\/784353","targetHints":{"allow":["GET"]}}],"collection":[{"href":"https:\/\/www.europesays.com\/de\/wp-json\/wp\/v2\/posts"}],"about":[{"href":"https:\/\/www.europesays.com\/de\/wp-json\/wp\/v2\/types\/post"}],"author":[{"embeddable":true,"href":"https:\/\/www.europesays.com\/de\/wp-json\/wp\/v2\/users\/2"}],"replies":[{"embeddable":true,"href":"https:\/\/www.europesays.com\/de\/wp-json\/wp\/v2\/comments?post=784353"}],"version-history":[{"count":0,"href":"https:\/\/www.europesays.com\/de\/wp-json\/wp\/v2\/posts\/784353\/revisions"}],"wp:featuredmedia":[{"embeddable":true,"href":"https:\/\/www.europesays.com\/de\/wp-json\/wp\/v2\/media\/784354"}],"wp:attachment":[{"href":"https:\/\/www.europesays.com\/de\/wp-json\/wp\/v2\/media?parent=784353"}],"wp:term":[{"taxonomy":"category","embeddable":true,"href":"https:\/\/www.europesays.com\/de\/wp-json\/wp\/v2\/categories?post=784353"},{"taxonomy":"post_tag","embeddable":true,"href":"https:\/\/www.europesays.com\/de\/wp-json\/wp\/v2\/tags?post=784353"}],"curies":[{"name":"wp","href":"https:\/\/api.w.org\/{rel}","templated":true}]}}