{"id":784397,"date":"2026-02-09T16:17:12","date_gmt":"2026-02-09T16:17:12","guid":{"rendered":"https:\/\/www.europesays.com\/de\/784397\/"},"modified":"2026-02-09T16:17:12","modified_gmt":"2026-02-09T16:17:12","slug":"mannheim-hund-verursachte-auffahrunfall-polizeiberichte-aus-rhein-neckar-odenwald","status":"publish","type":"post","link":"https:\/\/www.europesays.com\/de\/784397\/","title":{"rendered":"Mannheim: Hund verursachte Auffahrunfall &#8211; Polizeiberichte aus Rhein-Neckar-Odenwald"},"content":{"rendered":"<p>Mannheim. (pol\/fil) Ein Hund ist am Freitagmittag auf die Fahrbahn der Waldstra\u00dfe gelangt und hat damit f\u00fcr einen Auffahrunfall gesorgt. Das teilt die Polizei am Montag mit.\u00a0<\/p>\n<p>Folgendes war passiert: Ein Fiat, ein Hyundai und ein Mercedes fuhren hintereinander auf dem \u00e4u\u00dferen von insgesamt zwei geradeausf\u00fchrenden Fahrstreifen der Waldstra\u00dfe, als\u00a0der Hund auf die Fahrbahn rannte.\u00a0Ersten Ermittlungen zufolge hatte sich das Tier erschrocken und losgerissen.<\/p>\n<p>Die 59-j\u00e4hrige Fahrerin des Fiat bremste daraufhin. Der 35-j\u00e4hrige Fahrer des dahinterfahrenden Hyundai erkannte dies und konnte\u00a0ebenfalls rechtzeitig abbremsen. Die 40-j\u00e4hrige Fahrerin des Mercedes reagierte zu sp\u00e4t und fuhr auf den Hyundai auf. Dadurch wurde dieser auf den Fiat geschoben.<\/p>\n<p>Der Fahrer des Hyundai wurde durch den Aufprall leicht verletzt und noch vor Ort medizinisch versorgt.\u00a0Der Hund blieb bei dem Vorfall unverletzt.\u00a0Seine Besitzerin nahm ihn\u00a0im Anschluss wieder in ihre Obhut.<\/p>\n<p>Den Gesamtschaden an den drei Autos sch\u00e4tzt die Polizei auf etwa 10.000 Euro.<\/p>\n","protected":false},"excerpt":{"rendered":"Mannheim. (pol\/fil) Ein Hund ist am Freitagmittag auf die Fahrbahn der Waldstra\u00dfe gelangt und hat damit f\u00fcr einen&hellip;\n","protected":false},"author":2,"featured_media":513179,"comment_status":"","ping_status":"","sticky":false,"template":"","format":"standard","meta":{"footnotes":"","_share_on_mastodon":"0"},"categories":[1845],"tags":[1634,3364,29,548,663,3934,30,13,2096,14,15,17343,12],"class_list":["post-784397","post","type-post","status-publish","format-standard","has-post-thumbnail","category-mannheim","tag-baden-wuerttemberg","tag-de","tag-deutschland","tag-eu","tag-europa","tag-europe","tag-germany","tag-headlines","tag-mannheim","tag-nachrichten","tag-news","tag-polizei-blaulicht-heidelberg-mannheim-rhein-neckar-metropolregion-sinsheim-kraichgau-neckarodenwald-odenwald-bauland-heilbronn","tag-schlagzeilen"],"share_on_mastodon":{"url":"https:\/\/pubeurope.com\/@de\/116041576993519076","error":""},"_links":{"self":[{"href":"https:\/\/www.europesays.com\/de\/wp-json\/wp\/v2\/posts\/784397","targetHints":{"allow":["GET"]}}],"collection":[{"href":"https:\/\/www.europesays.com\/de\/wp-json\/wp\/v2\/posts"}],"about":[{"href":"https:\/\/www.europesays.com\/de\/wp-json\/wp\/v2\/types\/post"}],"author":[{"embeddable":true,"href":"https:\/\/www.europesays.com\/de\/wp-json\/wp\/v2\/users\/2"}],"replies":[{"embeddable":true,"href":"https:\/\/www.europesays.com\/de\/wp-json\/wp\/v2\/comments?post=784397"}],"version-history":[{"count":0,"href":"https:\/\/www.europesays.com\/de\/wp-json\/wp\/v2\/posts\/784397\/revisions"}],"wp:featuredmedia":[{"embeddable":true,"href":"https:\/\/www.europesays.com\/de\/wp-json\/wp\/v2\/media\/513179"}],"wp:attachment":[{"href":"https:\/\/www.europesays.com\/de\/wp-json\/wp\/v2\/media?parent=784397"}],"wp:term":[{"taxonomy":"category","embeddable":true,"href":"https:\/\/www.europesays.com\/de\/wp-json\/wp\/v2\/categories?post=784397"},{"taxonomy":"post_tag","embeddable":true,"href":"https:\/\/www.europesays.com\/de\/wp-json\/wp\/v2\/tags?post=784397"}],"curies":[{"name":"wp","href":"https:\/\/api.w.org\/{rel}","templated":true}]}}