{"id":784465,"date":"2026-02-09T16:53:11","date_gmt":"2026-02-09T16:53:11","guid":{"rendered":"https:\/\/www.europesays.com\/de\/784465\/"},"modified":"2026-02-09T16:53:11","modified_gmt":"2026-02-09T16:53:11","slug":"bvb-das-gefaehrdet-jetzt-dortmunds-bayern-jagd-sport","status":"publish","type":"post","link":"https:\/\/www.europesays.com\/de\/784465\/","title":{"rendered":"BVB: DAS gef\u00e4hrdet jetzt Dortmunds Bayern-Jagd | Sport"},"content":{"rendered":"<p><a class=\"skip-content skip-content--link\" href=\"#in-content-skip-link-target-v-0-0\">TTS-Player \u00fcberspringen\u21b5<\/a><a id=\"in-content-skip-link-target-v-0-0\" class=\"skip-content--target-link-hidden skip-content skip-content--target-link\" href=\"#in-content-skip-link-target-v-0-0\">Artikel weiterlesen<\/a><\/p>\n<p><b>Ein Hauch von Meisterkampf lebt weiter. Doch f\u00fcr den <\/b><a href=\"https:\/\/www.bild.de\/sport\/fussball\/borussia-dortmund\/startseite-bvb-31074434.bild.html\" class=\"text-link\" rel=\"nofollow noopener\" target=\"_blank\"><b>BVB<\/b><\/a><b> k\u00f6nnte es nun schwieriger werden!<\/b><\/p>\n<p>Am vergangenen Spieltag blieb Borussia Dortmund dank des Zitter-Siegs in Wolfsburg (2:1) an Abo-Meister Bayern M\u00fcnchen dran. Der R\u00fcckstand auf den Tabellenf\u00fchrer, der Hoffenheim klar mit 5:1 besiegte, betr\u00e4gt weiterhin sechs Punkte. Am 28. Februar bekommen die BVB-Stars im Gipfeltreffen in Dortmund die M\u00f6glichkeit, ihre markigen Ansagen auch wirklich in Taten zu verwandeln. Voraussetzung\u00a0daf\u00fcr ist aber, dass sich der BVB in den kommenden beiden Liga-Spielen keinen Ausrutscher erlaubt. Und genau an dieser Stelle wird es nun kritisch\u00a0\u2026<\/p>\n<p>DAS gef\u00e4hrdet jetzt Dortmunds Bayern-Jagd<\/p>\n<p>Zur Erinnerung: Zu Titel-Ansagen hatten sich zuletzt Abwehr-Star Nico Schlotterbeck (26) und Spielmacher <a href=\"https:\/\/www.bild.de\/sport\/fussball\/bvb-star-julian-brandt-macht-nach-arbeitssieg-in-wolfsburg-eine-meister-ansage-698773b7148ab5a518f92a54\" class=\"text-link\" rel=\"nofollow noopener\" target=\"_blank\">Julian Brandt<\/a> (29) hinrei\u00dfen lassen. Schlotterbeck: \u201eMan muss als BVB langsam auch mal den Anspruch haben, den Fans zu sagen, wir wollen Meister werden. Die Jungs und ich wollen angreifen. Nat\u00fcrlich m\u00fcssen wir weiter punkten, aber wir probieren da zu sein. Und die Bayern kommen noch zu uns.\u201c Brandt: \u201eNiemand hat jemals davon gesprochen, dass wir an irgendeinem Punkt aufgegeben haben. Wir versuchen weiter unsere Spiele zu gewinnen und hoffen, dass Bayern uns noch mal ranl\u00e4sst. Meister werden will von uns jeder, jede Saison!\u201c<\/p>\n<p>Mehr zum Thema<\/p>\n<p>Aufgrund von drei Sorgen-Themen herrscht aktuell noch Skepsis. Erstens: Schlotterbecks Gelb-Sperre! Dortmunds Anf\u00fchrer ist wegen seiner f\u00fcnften Verwarnung nicht spielberechtigt im kommenden Liga-Spiel am Freitagabend\u00a0(20.30 Uhr\/Sky, Live-Ticker bei BILD.de) gegen Mainz. Und versch\u00e4rft damit die ohnehin schon bedenkliche Personal-Not in der Abwehr. Dort fehlen der von Chelsea neu verliehene Aaron Anselmino (20\/Stra\u00dfburg) sowie die\u00a0Verletzten Emre Can (32\/Adduktoren) und Filippo Mane (20\/Muskelverletzung). Hinter der Rumpf-Besetzung aus Niklas S\u00fcle (30), Waldemar Anton (29) und Ramy Bensebaini (30) verf\u00fcgt Trainer Niko Kovac (54) \u00fcber keine Profi-Alternativen mehr.<\/p>\n<p>Anzeige<\/p>\n<p>Auch interessant<\/p>\n<p>Anzeige<\/p>\n<p>Auch interessant<\/p>\n<p>Zweitens: Mit Mainz kommt ausgerechnet der Angstgegner ins Dortmunder Stadion. Der FSV versaute dem BVB bekanntlich bereits am letzten Spieltag der Saison 2022\/23 mit dem 2:2 den Titel. In den vergangenen f\u00fcnf Jahren gelangen gegen Mainz in elf Spielen zudem nur sechs Siege. Vor dem Spiel gegen die Bayern wartet mit Leipzig (21. Februar) zudem ein weiterer Kracher-Gegner.<\/p>\n<p>Drittens: Nach dem d\u00fcrftigen Auftritt in Wolfsburg bleibt die Frage, wie lange <a href=\"https:\/\/www.bild.de\/sport\/fussball\/borussia-dortmund\/startseite-bvb-31074434.bild.html\" class=\"text-link\" rel=\"nofollow noopener\" target=\"_blank\">Dortmunds<\/a> Spielgl\u00fcck noch anh\u00e4lt. Gr\u00f6\u00dfter Dortmunder Trumpf ist weiterhin Trainer Kovac, der aus der Mannschaft alles rausholt und in dieser Liga-Saison erst ein Spiel verlor: das Hinspiel in M\u00fcnchen (1:2).<\/p>\n","protected":false},"excerpt":{"rendered":"TTS-Player \u00fcberspringen\u21b5Artikel weiterlesen Ein Hauch von Meisterkampf lebt weiter. Doch f\u00fcr den BVB k\u00f6nnte es nun schwieriger werden!&hellip;\n","protected":false},"author":2,"featured_media":784466,"comment_status":"","ping_status":"","sticky":false,"template":"","format":"standard","meta":{"footnotes":"","_share_on_mastodon":"0"},"categories":[1833],"tags":[888,3364,29,217,538,458,30,5133,5131,1209,11220,73392,819,45,5132],"class_list":["post-784465","post","type-post","status-publish","format-standard","has-post-thumbnail","category-dortmund","tag-borussia-dortmund","tag-de","tag-deutschland","tag-dortmund","tag-erste-bundesliga","tag-fc-bayern-muenchen","tag-germany","tag-hueber-yannick","tag-kovac-niko","tag-nordrhein-westfalen","tag-schlotterbeck-nico","tag-schroeer-michel","tag-sport-leuchtturm-essen","tag-texttospeech","tag-weiler-joerg"],"share_on_mastodon":{"url":"https:\/\/pubeurope.com\/@de\/116041718700486142","error":""},"_links":{"self":[{"href":"https:\/\/www.europesays.com\/de\/wp-json\/wp\/v2\/posts\/784465","targetHints":{"allow":["GET"]}}],"collection":[{"href":"https:\/\/www.europesays.com\/de\/wp-json\/wp\/v2\/posts"}],"about":[{"href":"https:\/\/www.europesays.com\/de\/wp-json\/wp\/v2\/types\/post"}],"author":[{"embeddable":true,"href":"https:\/\/www.europesays.com\/de\/wp-json\/wp\/v2\/users\/2"}],"replies":[{"embeddable":true,"href":"https:\/\/www.europesays.com\/de\/wp-json\/wp\/v2\/comments?post=784465"}],"version-history":[{"count":0,"href":"https:\/\/www.europesays.com\/de\/wp-json\/wp\/v2\/posts\/784465\/revisions"}],"wp:featuredmedia":[{"embeddable":true,"href":"https:\/\/www.europesays.com\/de\/wp-json\/wp\/v2\/media\/784466"}],"wp:attachment":[{"href":"https:\/\/www.europesays.com\/de\/wp-json\/wp\/v2\/media?parent=784465"}],"wp:term":[{"taxonomy":"category","embeddable":true,"href":"https:\/\/www.europesays.com\/de\/wp-json\/wp\/v2\/categories?post=784465"},{"taxonomy":"post_tag","embeddable":true,"href":"https:\/\/www.europesays.com\/de\/wp-json\/wp\/v2\/tags?post=784465"}],"curies":[{"name":"wp","href":"https:\/\/api.w.org\/{rel}","templated":true}]}}