{"id":784499,"date":"2026-02-09T17:11:13","date_gmt":"2026-02-09T17:11:13","guid":{"rendered":"https:\/\/www.europesays.com\/de\/784499\/"},"modified":"2026-02-09T17:11:13","modified_gmt":"2026-02-09T17:11:13","slug":"frau-muss-nach-messerangriff-mit-mehreren-verletzungen-ins-krankenhaus","status":"publish","type":"post","link":"https:\/\/www.europesays.com\/de\/784499\/","title":{"rendered":"Frau muss nach Messerangriff mit mehreren Verletzungen ins Krankenhaus"},"content":{"rendered":"<p class=\"tspCCnp tspCCnq\">Eine schwer verletzte Frau liegt nach einem Messerangriff in Berlin-Lichtenberg im Krankenhaus. Wie ein Sprecher der Polizei dem Tagesspiegel am Abend mitteilte, wurden die Beamten gegen 9.30 Uhr in eine Wohnung in der <a href=\"https:\/\/www.tagesspiegel.de\/berlin\/bezirke\/lichtenberg?icid=in-text-link_15234362\" class=\"link link--internal\" data-gtm-class=\"article-text-link\" data-gtm-val=\"internal\" rel=\"nofollow noopener\" target=\"_blank\">Werneuchener Stra\u00dfe<\/a> alarmiert. <\/p>\n<p class=\"tspCCnp\">Dort fanden Einsatzkr\u00e4fte die verletzte Frau mit Schnittverletzungen im Arm- und Kopfbereich. Sie wurde ins Krankenhaus gebracht. Ihren Angaben zufolge sei sie von einem maskierten Mann angegriffen worden. Der T\u00e4ter konnte unerkannt entkommen. <\/p>\n<p>Mehr aus Berlin:<a href=\"https:\/\/www.tagesspiegel.de\/berlin\/bezirke\/lichtenberg\/dieses-verfahren-ist-filmreif-vietnamesischer-exil-journalist-in-berlin-vor-gericht-15209701.html?icid=topic-list_15234362___\" data-gtm-class=\"article-mzt-link\" data-hydrate-fingerprint=\"09740a54944caac75fd2c0c63fd5c5df\" data-hydrate-props=\"{&amp;escapedquot;element&amp;escapedquot;:{&amp;escapedquot;type&amp;escapedquot;:&amp;escapedquot;relatedContent&amp;escapedquot;,&amp;escapedquot;fieldMap&amp;escapedquot;:{},&amp;escapedquot;relation&amp;escapedquot;:{&amp;escapedquot;fields&amp;escapedquot;:{&amp;escapedquot;isPaid&amp;escapedquot;:true},&amp;escapedquot;href&amp;escapedquot;:&amp;escapedquot;\/berlin\/bezirke\/lichtenberg\/dieses-verfahren-ist-filmreif-vietnamesischer-exil-journalist-in-berlin-vor-gericht-15209701.html&amp;escapedquot;,&amp;escapedquot;teaserTitle&amp;escapedquot;:{&amp;escapedquot;kicker&amp;escapedquot;:&amp;escapedquot;\u201eDieses Verfahren ist filmreif\u201c&amp;escapedquot;,&amp;escapedquot;headline&amp;escapedquot;:&amp;escapedquot;Vietnamesischer Exil-Journalist in Berlin vor Gericht&amp;escapedquot;},&amp;escapedquot;id&amp;escapedquot;:&amp;escapedquot;15209701&amp;escapedquot;,&amp;escapedquot;type&amp;escapedquot;:&amp;escapedquot;story&amp;escapedquot;},&amp;escapedquot;isPartOfList&amp;escapedquot;:true,&amp;escapedquot;topicListType&amp;escapedquot;:&amp;escapedquot;topic-list&amp;escapedquot;},&amp;escapedquot;showArrow&amp;escapedquot;:true}\" data-hydrate-slots=\"{&#039;default&#039;:[]}\" class=\"tspC3qb tspC2p9\" rel=\"nofollow noopener\" target=\"_blank\">\u201eDieses Verfahren ist filmreif\u201c Vietnamesischer Exil-Journalist in Berlin vor Gericht <\/a><a href=\"https:\/\/www.tagesspiegel.de\/berlin\/bezirke-werben-selbst-um-personal-berliner-rekrutierungsservice-fur-burgeramter-wird-kaum-genutzt-15206935.html?icid=topic-list_15234362___\" data-gtm-class=\"article-mzt-link\" data-hydrate-fingerprint=\"09740a54944caac75fd2c0c63fd5c5df\" data-hydrate-props=\"{&amp;escapedquot;element&amp;escapedquot;:{&amp;escapedquot;type&amp;escapedquot;:&amp;escapedquot;relatedContent&amp;escapedquot;,&amp;escapedquot;fieldMap&amp;escapedquot;:{},&amp;escapedquot;relation&amp;escapedquot;:{&amp;escapedquot;fields&amp;escapedquot;:{&amp;escapedquot;isPaid&amp;escapedquot;:true},&amp;escapedquot;href&amp;escapedquot;:&amp;escapedquot;\/berlin\/bezirke-werben-selbst-um-personal-berliner-rekrutierungsservice-fur-burgeramter-wird-kaum-genutzt-15206935.html&amp;escapedquot;,&amp;escapedquot;teaserTitle&amp;escapedquot;:{&amp;escapedquot;kicker&amp;escapedquot;:&amp;escapedquot;Bezirke werben selbst um Personal&amp;escapedquot;,&amp;escapedquot;headline&amp;escapedquot;:&amp;escapedquot;Berliner Rekrutierungsservice f\u00fcr B\u00fcrger\u00e4mter wird kaum genutzt&amp;escapedquot;},&amp;escapedquot;id&amp;escapedquot;:&amp;escapedquot;15206935&amp;escapedquot;,&amp;escapedquot;type&amp;escapedquot;:&amp;escapedquot;story&amp;escapedquot;},&amp;escapedquot;isPartOfList&amp;escapedquot;:true,&amp;escapedquot;topicListType&amp;escapedquot;:&amp;escapedquot;topic-list&amp;escapedquot;},&amp;escapedquot;showArrow&amp;escapedquot;:true}\" data-hydrate-slots=\"{&#039;default&#039;:[]}\" class=\"tspC3qb tspC2p9\" rel=\"nofollow noopener\" target=\"_blank\">Bezirke werben selbst um Personal Berliner Rekrutierungsservice f\u00fcr B\u00fcrger\u00e4mter wird kaum genutzt <\/a><a href=\"https:\/\/www.tagesspiegel.de\/berlin\/berliner-wirtschaft\/unsaniert-niedrige-miete-rendite-objekt-us-investoren-entdecken-plotzlich-plattenbauten-in-berlin-15190461.html?icid=topic-list_15234362___\" data-gtm-class=\"article-mzt-link\" data-hydrate-fingerprint=\"09740a54944caac75fd2c0c63fd5c5df\" data-hydrate-props=\"{&amp;escapedquot;element&amp;escapedquot;:{&amp;escapedquot;type&amp;escapedquot;:&amp;escapedquot;relatedContent&amp;escapedquot;,&amp;escapedquot;fieldMap&amp;escapedquot;:{},&amp;escapedquot;relation&amp;escapedquot;:{&amp;escapedquot;fields&amp;escapedquot;:{&amp;escapedquot;isPaid&amp;escapedquot;:true},&amp;escapedquot;href&amp;escapedquot;:&amp;escapedquot;\/berlin\/berliner-wirtschaft\/unsaniert-niedrige-miete-rendite-objekt-us-investoren-entdecken-plotzlich-plattenbauten-in-berlin-15190461.html&amp;escapedquot;,&amp;escapedquot;teaserTitle&amp;escapedquot;:{&amp;escapedquot;kicker&amp;escapedquot;:&amp;escapedquot;Runtergekommen, Ostbezirk, Renditeobjekt&amp;escapedquot;,&amp;escapedquot;headline&amp;escapedquot;:&amp;escapedquot;Die US-Investoren sind zur\u00fcck in Berlin \u2013 und wollen jetzt angeblich sogar Plattenbauten&amp;escapedquot;},&amp;escapedquot;id&amp;escapedquot;:&amp;escapedquot;15190461&amp;escapedquot;,&amp;escapedquot;type&amp;escapedquot;:&amp;escapedquot;story&amp;escapedquot;},&amp;escapedquot;isPartOfList&amp;escapedquot;:true,&amp;escapedquot;topicListType&amp;escapedquot;:&amp;escapedquot;topic-list&amp;escapedquot;},&amp;escapedquot;showArrow&amp;escapedquot;:true}\" data-hydrate-slots=\"{&#039;default&#039;:[]}\" class=\"tspC3qb tspC2p9\" rel=\"nofollow noopener\" target=\"_blank\">Runtergekommen, Ostbezirk, Renditeobjekt Die US-Investoren sind zur\u00fcck in Berlin \u2013 und wollen jetzt angeblich sogar Plattenbauten <\/a><\/p>\n<p class=\"tspCCnp\">Weitere Hintergr\u00fcnde zu der Tat sind bislang unbekannt. Die Ermittlungen hat ein Fachkommissariat \u00fcbernommen. (Tsp)<\/p>\n","protected":false},"excerpt":{"rendered":"Eine schwer verletzte Frau liegt nach einem Messerangriff in Berlin-Lichtenberg im Krankenhaus. Wie ein Sprecher der Polizei dem&hellip;\n","protected":false},"author":2,"featured_media":784500,"comment_status":"","ping_status":"","sticky":false,"template":"","format":"standard","meta":{"footnotes":"","_share_on_mastodon":"0"},"categories":[1825],"tags":[296,29,30],"class_list":["post-784499","post","type-post","status-publish","format-standard","has-post-thumbnail","category-berlin","tag-berlin","tag-deutschland","tag-germany"],"share_on_mastodon":{"url":"https:\/\/pubeurope.com\/@de\/116041789388324930","error":""},"_links":{"self":[{"href":"https:\/\/www.europesays.com\/de\/wp-json\/wp\/v2\/posts\/784499","targetHints":{"allow":["GET"]}}],"collection":[{"href":"https:\/\/www.europesays.com\/de\/wp-json\/wp\/v2\/posts"}],"about":[{"href":"https:\/\/www.europesays.com\/de\/wp-json\/wp\/v2\/types\/post"}],"author":[{"embeddable":true,"href":"https:\/\/www.europesays.com\/de\/wp-json\/wp\/v2\/users\/2"}],"replies":[{"embeddable":true,"href":"https:\/\/www.europesays.com\/de\/wp-json\/wp\/v2\/comments?post=784499"}],"version-history":[{"count":0,"href":"https:\/\/www.europesays.com\/de\/wp-json\/wp\/v2\/posts\/784499\/revisions"}],"wp:featuredmedia":[{"embeddable":true,"href":"https:\/\/www.europesays.com\/de\/wp-json\/wp\/v2\/media\/784500"}],"wp:attachment":[{"href":"https:\/\/www.europesays.com\/de\/wp-json\/wp\/v2\/media?parent=784499"}],"wp:term":[{"taxonomy":"category","embeddable":true,"href":"https:\/\/www.europesays.com\/de\/wp-json\/wp\/v2\/categories?post=784499"},{"taxonomy":"post_tag","embeddable":true,"href":"https:\/\/www.europesays.com\/de\/wp-json\/wp\/v2\/tags?post=784499"}],"curies":[{"name":"wp","href":"https:\/\/api.w.org\/{rel}","templated":true}]}}