{"id":784501,"date":"2026-02-09T17:12:12","date_gmt":"2026-02-09T17:12:12","guid":{"rendered":"https:\/\/www.europesays.com\/de\/784501\/"},"modified":"2026-02-09T17:12:12","modified_gmt":"2026-02-09T17:12:12","slug":"berlin-bewirbt-concours-der-eu-fehlen-deutsche-beamte","status":"publish","type":"post","link":"https:\/\/www.europesays.com\/de\/784501\/","title":{"rendered":"Berlin bewirbt Concours: Der EU fehlen deutsche Beamte"},"content":{"rendered":"<p class=\"p1 sm:p1-medium items-start pb-[20px]\" data-selector=\"body-paragraph\" data-external-selector=\"body-elements-paragraph\" data-v-f16c667d=\"\" data-v-439309db=\"\">Kaum jemand in Br\u00fcssel zweifelt daran, dass Deutschland erheblichen Einfluss in den Institutionen der Europ\u00e4ischen Union besitzt: von der Kommissionspr\u00e4sidentin \u00fcber die Kabinettschefs und die F\u00fchrung von Generaldirektionen bis hin zu den Leitungsposten im Europ\u00e4ischen Parlament.<\/p>\n<p class=\"p1 sm:p1-medium items-start pb-[20px]\" data-selector=\"body-paragraph\" data-external-selector=\"body-elements-paragraph\" data-v-f16c667d=\"\" data-v-439309db=\"\">Doch gibt es einen gro\u00dfen Unterschied zwischen Qualit\u00e4t und Quantit\u00e4t. Wenn es nur nach dem Anteil deutscher Besch\u00e4ftigter an den etwa 60.000 Bediensteten der EU-Institutionen geht, schneidet das gr\u00f6\u00dfte Mitgliedsland schlecht ab. Nach Angaben der Bundesregierung arbeiten lediglich 9,1 Prozent Deutsche im h\u00f6heren Dienst der <a data-rtr-index=\"13\" title=\"Europ\u00e4ische Union\" href=\"https:\/\/www.faz.net\/aktuell\/politik\/thema\/europaeische-union\" rel=\"nofollow noopener\" target=\"_blank\">EU<\/a>, w\u00e4hrend der interne EU-Richtwert bei 14,3 Prozent liegt. Bei keinem anderen Land ist das Missverh\u00e4ltnis so gro\u00df.<\/p>\n<p>Deutsche sind mit Concours-System nicht vertraut<\/p>\n<p class=\"p1 sm:p1-medium items-start pb-[20px]\" data-selector=\"body-paragraph\" data-external-selector=\"body-elements-paragraph\" data-v-f16c667d=\"\" data-v-439309db=\"\">Deshalb setzt die Bundesregierung nun auf den neuen Concours g\u00e9n\u00e9ral der EU, um den Anteil wenigstens etwas zu verbessern. Zum ersten Mal seit 2019 k\u00f6nnen sich Staatsangeh\u00f6rige der Mitgliedstaaten wieder um eine unbefristete Stelle in der EU bewerben. Bis zum 10. M\u00e4rz l\u00e4uft diese Frist noch.<\/p>\n<p class=\"p1 sm:p1-medium items-start pb-[20px]\" data-selector=\"body-paragraph\" data-external-selector=\"body-elements-paragraph\" data-v-f16c667d=\"\" data-v-439309db=\"\">Die nominellen Voraussetzungen sind gering. F\u00fcr die Administratorlaufbahn, die dem h\u00f6heren Dienst entspricht, reichen ein abgeschlossenes Hochschulstudium und die Kenntnis zweier EU-Amtssprachen. Berufserfahrung ist nur f\u00fcr Spezialisten erforderlich. Das Ausw\u00e4rtige Amt wirbt offensiv daf\u00fcr und unterst\u00fctzt Interessierte mit Onlineseminaren.<\/p>\n<p class=\"p1 sm:p1-medium items-start pb-[20px]\" data-selector=\"body-paragraph\" data-external-selector=\"body-elements-paragraph\" data-v-f16c667d=\"\" data-v-439309db=\"\">Denn zuletzt lag die Quote deutscher Bewerber unter 50 Prozent des EU-Durchschnitts. Fachleute f\u00fchren das vor allem darauf zur\u00fcck, dass es ein solches zentrales Concours-System in Deutschland nicht gibt. Die Bewerber m\u00fcssen mehrere Logikpr\u00fcfungen und einen Wissenstest zur EU absolvieren. Au\u00dferdem m\u00fcssen sie einen Aufsatz zu einem EU-Thema verfassen und ihre digitale Kompetenz nachweisen.<\/p>\n<p class=\"p1 sm:p1-medium items-start pb-[20px]\" data-selector=\"body-paragraph\" data-external-selector=\"body-elements-paragraph\" data-v-f16c667d=\"\" data-v-439309db=\"\">Das Auswahlverfahren ist hart. Gerechnet wird dieses Mal mit mehr als 50.000 Bewerbern \u2013 am Ende bleiben 1490 davon \u00fcbrig. Sie bekommen auch nicht sofort einen Job, sondern landen auf einer Warteliste, von der sich die Institutionen dann bedienen k\u00f6nnen, wenn sie Stellen neu besetzen. Der Concours ist die Voraussetzung f\u00fcr eine unbefristete Besch\u00e4ftigung als EU-Beamter.<\/p>\n<p>Berlin will einen Concours nur f\u00fcr Deutsche<\/p>\n<p class=\"p1 sm:p1-medium items-start pb-[20px]\" data-selector=\"body-paragraph\" data-external-selector=\"body-elements-paragraph\" data-v-f16c667d=\"\" data-v-439309db=\"\">Dass er sieben Jahre lang nicht mehr stattfand, lag an der Deckelung des Verwaltungsbudgets im mehrj\u00e4hrigen Finanzrahmen f\u00fcr die Jahre 2021 bis 2027. Die Institutionen besetzten freie Stellen vorwiegend mit Zeitvertr\u00e4gen, die finanziell weniger attraktiv sind. Zugleich bedachten sie ihr Beamtenkorps mit satten Gehaltserh\u00f6hungen, die Kaufkraftverluste voll ausglichen, auch die hohe Inflation w\u00e4hrend der Coronavirus-Pandemie.<\/p>\n<p class=\"p1 sm:p1-medium items-start pb-[20px]\" data-selector=\"body-paragraph\" data-external-selector=\"body-elements-paragraph\" data-v-f16c667d=\"\" data-v-439309db=\"\">Deutschland und andere Staaten sehen das kritisch und dringen im n\u00e4chsten Budget auf Strukturreformen. Das soll auch zu mehr Durchlauf im \u00f6ffentlichen Dienst f\u00fchren.<\/p>\n<p class=\"p1 sm:p1-medium items-start pb-[20px]\" data-selector=\"body-paragraph\" data-external-selector=\"body-elements-paragraph\" data-v-f16c667d=\"\" data-v-439309db=\"\">Ein weiterer Weg, um die Unausgewogenheit in der Personalrekrutierung zu korrigieren, k\u00f6nnten Auswahlverfahren sein, die von vornherein auf Bewerber aus bestimmten L\u00e4ndern beschr\u00e4nkt werden. Das Europ\u00e4ische Parlament hat solche Prozesse 2024 f\u00fcr Niederl\u00e4nder und \u00d6sterreicher eingeleitet, die in der Statistik fast so schlecht dastehen wie Deutschland.<\/p>\n<p class=\"p1 sm:p1-medium items-start pb-[20px]\" data-selector=\"body-paragraph\" data-external-selector=\"body-elements-paragraph\" data-v-f16c667d=\"\" data-v-439309db=\"\">Allerdings haben Spanien und Italien dagegen beim Europ\u00e4ischen Gerichtshof geklagt \u2013 wegen eines Versto\u00dfes gegen die Grunds\u00e4tze der Gleichheit und der Nichtdiskriminierung. Deutschland ist dem Verfahren auf der Seite des Parlaments beigetreten. Wenn es gewinnt, will Berlin auf einen Concours nur f\u00fcr Deutsche dringen.<\/p>\n","protected":false},"excerpt":{"rendered":"Kaum jemand in Br\u00fcssel zweifelt daran, dass Deutschland erheblichen Einfluss in den Institutionen der Europ\u00e4ischen Union besitzt: von&hellip;\n","protected":false},"author":2,"featured_media":784502,"comment_status":"","ping_status":"","sticky":false,"template":"","format":"standard","meta":{"footnotes":"","_share_on_mastodon":"0"},"categories":[1825],"tags":[296,29,30],"class_list":["post-784501","post","type-post","status-publish","format-standard","has-post-thumbnail","category-berlin","tag-berlin","tag-deutschland","tag-germany"],"share_on_mastodon":{"url":"https:\/\/pubeurope.com\/@de\/116041793132326312","error":""},"_links":{"self":[{"href":"https:\/\/www.europesays.com\/de\/wp-json\/wp\/v2\/posts\/784501","targetHints":{"allow":["GET"]}}],"collection":[{"href":"https:\/\/www.europesays.com\/de\/wp-json\/wp\/v2\/posts"}],"about":[{"href":"https:\/\/www.europesays.com\/de\/wp-json\/wp\/v2\/types\/post"}],"author":[{"embeddable":true,"href":"https:\/\/www.europesays.com\/de\/wp-json\/wp\/v2\/users\/2"}],"replies":[{"embeddable":true,"href":"https:\/\/www.europesays.com\/de\/wp-json\/wp\/v2\/comments?post=784501"}],"version-history":[{"count":0,"href":"https:\/\/www.europesays.com\/de\/wp-json\/wp\/v2\/posts\/784501\/revisions"}],"wp:featuredmedia":[{"embeddable":true,"href":"https:\/\/www.europesays.com\/de\/wp-json\/wp\/v2\/media\/784502"}],"wp:attachment":[{"href":"https:\/\/www.europesays.com\/de\/wp-json\/wp\/v2\/media?parent=784501"}],"wp:term":[{"taxonomy":"category","embeddable":true,"href":"https:\/\/www.europesays.com\/de\/wp-json\/wp\/v2\/categories?post=784501"},{"taxonomy":"post_tag","embeddable":true,"href":"https:\/\/www.europesays.com\/de\/wp-json\/wp\/v2\/tags?post=784501"}],"curies":[{"name":"wp","href":"https:\/\/api.w.org\/{rel}","templated":true}]}}