{"id":784503,"date":"2026-02-09T17:13:13","date_gmt":"2026-02-09T17:13:13","guid":{"rendered":"https:\/\/www.europesays.com\/de\/784503\/"},"modified":"2026-02-09T17:13:13","modified_gmt":"2026-02-09T17:13:13","slug":"verkehrspolitik-magnetschwebebahn-nach-tegel-diskussion-nimmt-fahrt-auf","status":"publish","type":"post","link":"https:\/\/www.europesays.com\/de\/784503\/","title":{"rendered":"Verkehrspolitik: Magnetschwebebahn nach Tegel? &#8211; Diskussion nimmt Fahrt auf"},"content":{"rendered":"<p class=\"tspCCnp tspCCnq\">Die Diskussion um den Einsatz einer Magnetschwebebahn in Berlin k\u00f6nnte wieder Fahrt aufnehmen. Denkbar ist das nach Angaben der Verkehrsverwaltung bei der k\u00fcnftigen Anbindung der Urban Tech Republic auf dem Gel\u00e4nde des ehemaligen Flughafens Tegel. Entschieden sei noch nichts, sagte eine Sprecherin der Verkehrsverwaltung.\u00a0<\/p>\n<p class=\"tspCCnp\">Grunds\u00e4tzlich solle aber auch gepr\u00fcft werden, ob eine Magnetschwebebahn zwischen Spandau und dem k\u00fcnftigen Wissenschafts- und Industriepark in Tegel samt neuem Wohnquartier eine m\u00f6gliche Variante sein k\u00f6nne. Zuvor hatte die \u201eBerliner Zeitung\u201c dar\u00fcber mit Berufung auf ein Senatspapier berichtet. Danach soll in der Senatskommission Wohnungsbau in der kommenden Woche dar\u00fcber gesprochen werden.\u00a0<\/p>\n<p> Keine neue Diskussion\u00a0 <\/p>\n<p class=\"tspCCnp\">In der Diskussion ist die Magnetschwebebahn f\u00fcr die Hauptstadt schon lange. CDU-Fraktionschef Dirk Stettner hatte im November 2023 mit dem Vorschlag einer mehrere Kilometer langen Pilotstrecke in der Berliner Innenstadt von sich reden gemacht.\u00a0<\/p>\n<p class=\"tspCCnp\">Daran gab es allerdings viel Kritik. Der Bund f\u00fcr Umwelt- und Naturschutz (BUND) Berlin nannte den Vorschlag ein \u201eabsurdes Projekt\u201c und eine \u201eVerh\u00f6hnung aller Menschen, die ernsthaft den Klimaschutz schnell voranbringen wollen\u201c. SPD-Fraktionschef Raed Saleh sprach von \u201eLuftschl\u00f6ssern\u201c.<\/p>\n<p> Viele Ideen f\u00fcr zuk\u00fcnftige Strecken <\/p>\n<p class=\"tspCCnp\">Berlins Verkehrssenatorin Ute Bonde (CDU) hat dagegen mehrfach betont, durchaus Chancen f\u00fcr eine Magnetschwebebahn in Berlin zu sehen und deren Vorteile betont. Dazu z\u00e4hlt sie etwa, dass die Bahnen autonom fahren k\u00f6nnten und leise seien sowie kosteng\u00fcnstiger als zum Beispiel die U-Bahn.\u00a0<\/p>\n<p class=\"tspCCnp\">Es gab bereits eine Reihe von Ideen, wo sie fahren k\u00f6nnte: Berlins Regierender B\u00fcrgermeister Kai Wegner (CDU) schlug Anfang 2024 vor, insbesondere die Berliner Au\u00dfenbezirke mit der Technologie besser anzubinden.\u00a0<\/p>\n<p class=\"tspCCnp\">Im vergangenen August sagte Bonde, sie k\u00f6nne sich eine Magnetschwebebahn-Strecke vom ehemaligen Kongresszentrum ICC in Charlottenburg zum Flughafen BER in Sch\u00f6nefeld vorstellen oder auch einen weiteren Ring zwischen S-Bahn und Landesgrenze.<\/p>\n<p class=\"tspCCnp\">\u00a9 dpa-infocom, dpa:260209-930-664416\/1<\/p>\n<p class=\"tspCCnp\">Das ist eine Nachricht direkt aus dem dpa-Newskanal.<\/p>\n","protected":false},"excerpt":{"rendered":"Die Diskussion um den Einsatz einer Magnetschwebebahn in Berlin k\u00f6nnte wieder Fahrt aufnehmen. Denkbar ist das nach Angaben&hellip;\n","protected":false},"author":2,"featured_media":784504,"comment_status":"","ping_status":"","sticky":false,"template":"","format":"standard","meta":{"footnotes":"","_share_on_mastodon":"0"},"categories":[1825],"tags":[296,29,30],"class_list":["post-784503","post","type-post","status-publish","format-standard","has-post-thumbnail","category-berlin","tag-berlin","tag-deutschland","tag-germany"],"share_on_mastodon":{"url":"https:\/\/pubeurope.com\/@de\/116041797312540303","error":""},"_links":{"self":[{"href":"https:\/\/www.europesays.com\/de\/wp-json\/wp\/v2\/posts\/784503","targetHints":{"allow":["GET"]}}],"collection":[{"href":"https:\/\/www.europesays.com\/de\/wp-json\/wp\/v2\/posts"}],"about":[{"href":"https:\/\/www.europesays.com\/de\/wp-json\/wp\/v2\/types\/post"}],"author":[{"embeddable":true,"href":"https:\/\/www.europesays.com\/de\/wp-json\/wp\/v2\/users\/2"}],"replies":[{"embeddable":true,"href":"https:\/\/www.europesays.com\/de\/wp-json\/wp\/v2\/comments?post=784503"}],"version-history":[{"count":0,"href":"https:\/\/www.europesays.com\/de\/wp-json\/wp\/v2\/posts\/784503\/revisions"}],"wp:featuredmedia":[{"embeddable":true,"href":"https:\/\/www.europesays.com\/de\/wp-json\/wp\/v2\/media\/784504"}],"wp:attachment":[{"href":"https:\/\/www.europesays.com\/de\/wp-json\/wp\/v2\/media?parent=784503"}],"wp:term":[{"taxonomy":"category","embeddable":true,"href":"https:\/\/www.europesays.com\/de\/wp-json\/wp\/v2\/categories?post=784503"},{"taxonomy":"post_tag","embeddable":true,"href":"https:\/\/www.europesays.com\/de\/wp-json\/wp\/v2\/tags?post=784503"}],"curies":[{"name":"wp","href":"https:\/\/api.w.org\/{rel}","templated":true}]}}