{"id":784532,"date":"2026-02-09T17:30:21","date_gmt":"2026-02-09T17:30:21","guid":{"rendered":"https:\/\/www.europesays.com\/de\/784532\/"},"modified":"2026-02-09T17:30:21","modified_gmt":"2026-02-09T17:30:21","slug":"warnstreiks-in-sh-uksh-betroffen-grosse-demo-in-kiel-geplant","status":"publish","type":"post","link":"https:\/\/www.europesays.com\/de\/784532\/","title":{"rendered":"Warnstreiks in SH: UKSH betroffen &#8211; gro\u00dfe Demo in Kiel geplant"},"content":{"rendered":"<p>        <img decoding=\"async\" src=\"https:\/\/www.europesays.com\/de\/wp-content\/uploads\/2026\/02\/streik-350.webp.webp\" alt=\"Menschen streiken auf auf der Stra\u00dfe\" title=\"Menschen streiken auf auf der Stra\u00dfe | Kai Peuckert\" class=\"responsive\"\/><\/p>\n<p>AUDIO: Nachrichten 18:00 Uhr &#8211; 09.02.2026 (4 Min)<\/p>\n<p>\n                Stand: 09.02.2026 18:25 Uhr<\/p>\n<p class=\"preface\">Kurz vor der dritten Tarifrunde streiken Besch\u00e4ftigte des \u00f6ffentlichen Dienstes erneut am Dienstag (10.2.). Auch der Winterdienst ist diese Woche am Donnerstag (12.2.) wieder von Streiks in SH betroffen.<\/p>\n<p class=\"\">Der Aufruf zum Warnstreik am Dienstag kommt neben ver.di auch von der Gewerkschaft der Polizei (GdP), der IG BAU und der Gewerkschaft Erziehung und Wissenschaft (GEW). Die Besch\u00e4ftigten der AOK NordWest in Schleswig-Holstein treten ebenfalls in den ganzt\u00e4gigen Warnstreik ein &#8211; <a href=\"https:\/\/www.ndr.de\/nachrichten\/hamburg\/woechentliche-warnstreiks-bei-vhh-bussen-in-hamburg-und-schleswig-holstein,warnstreik-318.html\" title=\"W\u00f6chentliche Warnstreiks bei VHH-Bussen in Hamburg und Schleswig-Holstein\" rel=\"nofollow noopener\" target=\"_blank\">die Verkehrsbetriebe Hamburg-Holstein (VHH) folgen ab Mittwoch mit w\u00f6chentlichen Warnstreiks<\/a>.<\/p>\n<p>    Kiel: \u00dcber 2000 Teilnehmer bei Kundgebung erwartet<\/p>\n<p class=\"\">In Kiel ist eine gro\u00dfe Abschlusskundgebung geplant. Laut Polizei Kiel werden bis zu 2.500 Teilnehmer erwartet. Ab etwa 14 Uhr kann es demnach in der Innenstadt zu erheblichen Verkehrsbehinderungen kommen. Um 15 Uhr soll es dann eine Kundgebung geben. Ver.di-Vizechefin Christine Behle wird als Hauptrednerin erwartet. Verkehrsteilnehmer sollen den Bereich um das Landeshaus w\u00e4hrend der Kundgebung bis zum sp\u00e4ten Nachmittag gro\u00dfr\u00e4umig umfahren, so die Polizei.<\/p>\n<p>        <img decoding=\"async\" src=\"https:\/\/www.europesays.com\/de\/wp-content\/uploads\/2026\/02\/streik-348.webp.webp\" alt=\"Menschen streiken auf auf der Stra\u00dfe\" title=\"Menschen streiken auf auf der Stra\u00dfe | Matthias Friedrichsen\" class=\"responsive\" loading=\"lazy\"\/><\/p>\n<p>Den n\u00e4chsten Warnstreik soll es am kommenden Dienstag geben. Dies k\u00fcndigte die Gewerkschaft ver.di an.<\/p>\n<p>    Tarifstreit: Seit Wochen kein Ergebnis<\/p>\n<p class=\"\">Rund 39.00 Besch\u00e4ftigte des Landes sind laut ver.di von den Tarifverhandlungen betroffen &#8211; auch Beamte und Pension\u00e4re sollen von dem Ergebnis profitieren. In der Folge warten auch warten auch mehr als 80.000 Staatsdiener von Land und Kommunen gespannt auf den Tarifabschluss. Der bleibt aber aus. In den vergangenen Wochen <a href=\"https:\/\/www.ndr.de\/nachrichten\/schleswig-holstein\/luebeck_herzogtum-lauenburg_ostholstein\/erneut-warnstreiks-am-uksh-beschaeftigte-streiken-weiter,streikuksh-100.html\" title=\"Erneut Warnstreiks am UKSH - Besch\u00e4ftigte streiken weiter\" rel=\"nofollow noopener\" target=\"_blank\">hatten Angestellte des \u00f6ffentlichen Dienstes bereits mehrfach gestreikt<\/a> &#8211; bislang ohne Ergebnis.<\/p>\n<p class=\"\">Die Gewerkschaften fordern f\u00fcr die Landesbediensteten unter anderem sieben Prozent mehr Geld pro Monat, mindestens jedoch 300 Euro. Die Tarifgemeinschaft der L\u00e4nder (TdL) h\u00e4lt diese Forderung f\u00fcr \u00fcberzogen und hat bisher noch kein verbindliches Angebot vorgelegt. Die dritte Verhandlungsrunde startet am Mittwoch in Potsdam.<\/p>\n<p>    Winterdienst will am Donnerstag in SH streiken<\/p>\n<p class=\"\">Am Donnerstag (12.2.) streiken die Stra\u00dfenmeistereien erneut in Schleswig-Holstein. Nach Angaben des Landesbetriebs Stra\u00dfenbau und Verkehr wurde mit der Gewerkschaft wie schon in den Vorwochen aber eine Notdienstvereinbarung getroffen.<\/p>\n<p class=\"\">Um den Ausfall der Besch\u00e4ftigten in den 22 Stra\u00dfenmeistereien des Landes abzufedern, sollen Fremdfirmen einspringen. Dennoch seien Einschr\u00e4nkungen im Winterdienst m\u00f6glich. Wegen der Witterung und vor allem glatter Stra\u00dfen in den Morgenstunden sollten Verkehrsteilnehmer besonders vorsichtig fahren, hie\u00df es.<\/p>\n<p>        <img decoding=\"async\" src=\"https:\/\/www.europesays.com\/de\/wp-content\/uploads\/2026\/02\/warnstreik-284.webp.webp\" alt=\"Ein Schild mit der Aufschrift \u201eWarnstreik!\u201c steht am Betriebshof des VHH in Schenefeld. \" title=\"Ein Schild mit der Aufschrift \u201eWarnstreik!\u201c steht am Betriebshof des VHH in Schenefeld.  | picture alliance\/dpa, Bodo Marks\" class=\"responsive\" loading=\"lazy\"\/><\/p>\n<p>Die Gewerkschaft ver.di hat einen neuerlichen Warnstreik angek\u00fcndigt. W\u00f6chentlich sollen VHH-Busse ausfallen &#8211; an diesem Mittwoch geht es los.<\/p>\n<p>        <img decoding=\"async\" src=\"https:\/\/www.europesays.com\/de\/wp-content\/uploads\/2026\/02\/uksh734.webp.webp\" alt=\"Blick auf das UKSH-Logo am Hauptgeb\u00e4ude des Universit\u00e4tskrankenhauses L\u00fcbeck\" title=\"Blick auf das UKSH-Logo am Hauptgeb\u00e4ude des Universit\u00e4tskrankenhauses L\u00fcbeck | picture alliance\/dpa, Markus Scholz\" class=\"responsive\" loading=\"lazy\"\/><\/p>\n<p>Die Arbeitsniederlegungen am Uniklinikum in Kiel und L\u00fcbeck haben vermutlich wieder Auswirkungen auf die Patientenversorgung.<\/p>\n<p>        <img decoding=\"async\" src=\"https:\/\/www.europesays.com\/de\/wp-content\/uploads\/2026\/01\/beamte-116.webp.webp\" alt=\"Eine Kundgebung in Kiel.\" title=\"Eine Kundgebung in Kiel. | NDR, Jennifer Bruhn\" class=\"responsive\" loading=\"lazy\"\/><\/p>\n<p>Eine Menschenkette f\u00fcr mehr Geld in der Tasche: Gewerkschaften und Landesbesch\u00e4ftigte haben am Dienstag vor der Staatskanzlei in Kiel protestiert.<\/p>\n<p>        <img decoding=\"async\" src=\"https:\/\/www.europesays.com\/de\/wp-content\/uploads\/2026\/01\/streik-338.webp.webp\" alt=\"Die Stra\u00dfenmeistereien in Schleswig-Holstein gehen in den Warnstreik\" title=\"Die Stra\u00dfenmeistereien in Schleswig-Holstein gehen in den Warnstreik | picture alliance\/dpa, Frank Molter\" class=\"responsive\" loading=\"lazy\"\/><\/p>\n<p>Bei den Stra\u00dfenmeistereien kam es am Dienstag zu Einschr\u00e4nkungen. Das betraf vor allem Pendler auf dem Weg nach Hamburg. <\/p>\n<p>Dieses Thema im Programm:<\/p>\n<p>                NDR 1 Welle Nord | Nachrichten f\u00fcr Schleswig-Holstein | 09.02.2026 | 18:00 Uhr<\/p>\n","protected":false},"excerpt":{"rendered":"AUDIO: Nachrichten 18:00 Uhr &#8211; 09.02.2026 (4 Min) Stand: 09.02.2026 18:25 Uhr Kurz vor der dritten Tarifrunde streiken&hellip;\n","protected":false},"author":2,"featured_media":784533,"comment_status":"","ping_status":"","sticky":false,"template":"","format":"standard","meta":{"footnotes":"","_share_on_mastodon":"0"},"categories":[1852],"tags":[620,3364,29,548,663,3934,30,2526,13,4949,6496,14,15,12,1971,7387,41693,26217,601,2523,87874],"class_list":["post-784532","post","type-post","status-publish","format-standard","has-post-thumbnail","category-kiel","tag-arbeitsmarkt","tag-de","tag-deutschland","tag-eu","tag-europa","tag-europe","tag-germany","tag-gewerkschaften","tag-headlines","tag-kiel","tag-kundgebung","tag-nachrichten","tag-news","tag-schlagzeilen","tag-schleswig-holstein","tag-strassenbau","tag-uksh","tag-ver-di","tag-verkehr","tag-warnstreik","tag-winterdienst"],"share_on_mastodon":{"url":"https:\/\/pubeurope.com\/@de\/116041864235030305","error":""},"_links":{"self":[{"href":"https:\/\/www.europesays.com\/de\/wp-json\/wp\/v2\/posts\/784532","targetHints":{"allow":["GET"]}}],"collection":[{"href":"https:\/\/www.europesays.com\/de\/wp-json\/wp\/v2\/posts"}],"about":[{"href":"https:\/\/www.europesays.com\/de\/wp-json\/wp\/v2\/types\/post"}],"author":[{"embeddable":true,"href":"https:\/\/www.europesays.com\/de\/wp-json\/wp\/v2\/users\/2"}],"replies":[{"embeddable":true,"href":"https:\/\/www.europesays.com\/de\/wp-json\/wp\/v2\/comments?post=784532"}],"version-history":[{"count":0,"href":"https:\/\/www.europesays.com\/de\/wp-json\/wp\/v2\/posts\/784532\/revisions"}],"wp:featuredmedia":[{"embeddable":true,"href":"https:\/\/www.europesays.com\/de\/wp-json\/wp\/v2\/media\/784533"}],"wp:attachment":[{"href":"https:\/\/www.europesays.com\/de\/wp-json\/wp\/v2\/media?parent=784532"}],"wp:term":[{"taxonomy":"category","embeddable":true,"href":"https:\/\/www.europesays.com\/de\/wp-json\/wp\/v2\/categories?post=784532"},{"taxonomy":"post_tag","embeddable":true,"href":"https:\/\/www.europesays.com\/de\/wp-json\/wp\/v2\/tags?post=784532"}],"curies":[{"name":"wp","href":"https:\/\/api.w.org\/{rel}","templated":true}]}}