{"id":784571,"date":"2026-02-09T17:52:29","date_gmt":"2026-02-09T17:52:29","guid":{"rendered":"https:\/\/www.europesays.com\/de\/784571\/"},"modified":"2026-02-09T17:52:29","modified_gmt":"2026-02-09T17:52:29","slug":"professor-do-van-dai-wurde-mit-der-rittermedaille-frankreichs-ausgezeichnet","status":"publish","type":"post","link":"https:\/\/www.europesays.com\/de\/784571\/","title":{"rendered":"Professor Do Van Dai wurde mit der Rittermedaille Frankreichs ausgezeichnet."},"content":{"rendered":"<p>Laut Olivier Brochet, dem franz\u00f6sischen Botschafter in Vietnam, wurde Professor Do Van Dai soeben per Dekret des franz\u00f6sischen <a class=\"data-link\" data-org-href=\"https:\/\/www.vietnam.vn\/tag\/thu-tuong\" href=\"https:\/\/www.vietnam.vn\/tag\/thu-tuong\" title=\"Premierminister\" target=\"_blank\" rel=\"nofollow noopener\">Premierministers<\/a> mit dem Orden \u201eRitter der Akademischen Palmen\u201c ausgezeichnet. Dies ist Frankreichs Anerkennung f\u00fcr Professor Do Van Dais bedeutenden Beitrag zur Entwicklung der Kooperationsbeziehungen zwischen den beiden L\u00e4ndern.<\/p>\n<p> Seine Beitr\u00e4ge haben ma\u00dfgeblich zur St\u00e4rkung der juristischen Zusammenarbeit zwischen Vietnam und Frankreich beigetragen, insbesondere durch den Austausch zwischen Juristen, Akademikern und Studenten mit dem Ziel, die frankophone Rechtsgemeinschaft in Vietnam zu revitalisieren und weiterzuentwickeln. <\/p>\n<p><img style=\"cursor:pointer\" data-original=\"https:\/\/static-images.vnncdn.net\/vps_images_publish\/000001\/000003\/2026\/2\/9\/thay-dai-2562.png?width=0&amp;s=TiZZY064ORYLd9Ebmk68kQ\" class=\"lazy \"  alt=\"Lehrer Dai.png\" data-thumb-small-src=\"https:\/\/www.europesays.com\/de\/wp-content\/uploads\/2026\/02\/thay-dai-2562.png\"\/> Professor Do Van Dai ist die einzige Person mit dem akademischen Titel eines Professors an der Juristischen Universit\u00e4t Ho-Chi-Minh-Stadt.<\/p>\n<p> Professor Do Van Dai wurde 1974 geboren. Er schloss sein Studium der Rechtswissenschaften an der Universit\u00e4t Aix-Marseille III (Frankreich) mit einem Bachelor (1999), einem Master (2000) und einem Doktortitel (2004) ab. Nach Studien-, Forschungs- und Lehrt\u00e4tigkeiten in Frankreich kehrte er 2007 nach Vietnam zur\u00fcck und ist seither an der Juristischen Fakult\u00e4t der Universit\u00e4t Ho-Chi-Minh-Stadt t\u00e4tig. 2011 wurde er vom Staatsrat der Professoren zum au\u00dferordentlichen Professor und 2021 zum ordentlichen Professor ernannt.<\/p>\n<p> Im Jahr 2008 wurde Professor Do Van Dai zum Leiter des Fachbereichs Zivilrecht ernannt. 2011 \u00fcbernahm er kommissarisch die Leitung der Fakult\u00e4t f\u00fcr Zivilrecht und wurde 2012 schlie\u00dflich deren Leiter. Nach zwei Amtszeiten als Leiter der Fakult\u00e4t wurde Professor Do Van Dai 2022 mit der Betreuung der Zeitschrift \u201eVietnam Journal of Legal <a class=\"data-link\" data-org-href=\"https:\/\/www.vietnam.vn\/category\/khoa-hoc\" href=\"https:\/\/www.vietnam.vn\/category\/khoa-hoc\" title=\"Wissenschaft\" target=\"_blank\" rel=\"nofollow noopener\">Science\u201c<\/a> betraut und ist derzeit Vizerektor der Juristischen Universit\u00e4t Ho-Chi-Minh-Stadt.<\/p>\n<p> Bemerkenswerterweise ist Professor Do Van Dai derzeit die einzige Person an der Schule mit dem akademischen Titel eines Professors. <\/p>\n<p class=\"mb-0\"> Quelle: https:\/\/vietnamnet.vn\/giao-su-do-van-dai-duoc-tang-huan-chuong-hiep-si-cua-phap-2489325.html<\/p>\n","protected":false},"excerpt":{"rendered":"Laut Olivier Brochet, dem franz\u00f6sischen Botschafter in Vietnam, wurde Professor Do Van Dai soeben per Dekret des franz\u00f6sischen&hellip;\n","protected":false},"author":2,"featured_media":784572,"comment_status":"","ping_status":"","sticky":false,"template":"","format":"standard","meta":{"footnotes":"","_share_on_mastodon":"0"},"categories":[3974],"tags":[331,332,548,663,3934,3980,156,13,14,15,54030,12],"class_list":["post-784571","post","type-post","status-publish","format-standard","has-post-thumbnail","category-frankreich","tag-aktuelle-nachrichten","tag-aktuelle-news","tag-eu","tag-europa","tag-europe","tag-france","tag-frankreich","tag-headlines","tag-nachrichten","tag-news","tag-professor","tag-schlagzeilen"],"share_on_mastodon":{"url":"https:\/\/pubeurope.com\/@de\/116041950706965282","error":""},"_links":{"self":[{"href":"https:\/\/www.europesays.com\/de\/wp-json\/wp\/v2\/posts\/784571","targetHints":{"allow":["GET"]}}],"collection":[{"href":"https:\/\/www.europesays.com\/de\/wp-json\/wp\/v2\/posts"}],"about":[{"href":"https:\/\/www.europesays.com\/de\/wp-json\/wp\/v2\/types\/post"}],"author":[{"embeddable":true,"href":"https:\/\/www.europesays.com\/de\/wp-json\/wp\/v2\/users\/2"}],"replies":[{"embeddable":true,"href":"https:\/\/www.europesays.com\/de\/wp-json\/wp\/v2\/comments?post=784571"}],"version-history":[{"count":0,"href":"https:\/\/www.europesays.com\/de\/wp-json\/wp\/v2\/posts\/784571\/revisions"}],"wp:featuredmedia":[{"embeddable":true,"href":"https:\/\/www.europesays.com\/de\/wp-json\/wp\/v2\/media\/784572"}],"wp:attachment":[{"href":"https:\/\/www.europesays.com\/de\/wp-json\/wp\/v2\/media?parent=784571"}],"wp:term":[{"taxonomy":"category","embeddable":true,"href":"https:\/\/www.europesays.com\/de\/wp-json\/wp\/v2\/categories?post=784571"},{"taxonomy":"post_tag","embeddable":true,"href":"https:\/\/www.europesays.com\/de\/wp-json\/wp\/v2\/tags?post=784571"}],"curies":[{"name":"wp","href":"https:\/\/api.w.org\/{rel}","templated":true}]}}