{"id":784626,"date":"2026-02-09T18:23:13","date_gmt":"2026-02-09T18:23:13","guid":{"rendered":"https:\/\/www.europesays.com\/de\/784626\/"},"modified":"2026-02-09T18:23:13","modified_gmt":"2026-02-09T18:23:13","slug":"effzeh-frauen-spielen-wieder-vor-grosser-kulisse","status":"publish","type":"post","link":"https:\/\/www.europesays.com\/de\/784626\/","title":{"rendered":"Effzeh-Frauen spielen wieder vor gro\u00dfer Kulisse"},"content":{"rendered":"<p class=\"small date article__date\">Ver\u00f6ffentlicht:\u00a0Montag, 09.02.2026 18:47<\/p>\n<p>Die Frauenmannschaft des 1. FC K\u00f6ln steht vor ihrem n\u00e4chsten gro\u00dfen Spiel im RheinEnergieSTADION.\u00a0Sie empfangen Werder Bremen am 2. Mai.\u00a0Tickets f\u00fcr die Partie gibt&#8217;s ab sofort.<\/p>\n<p><img decoding=\"async\" alt=\"\" src=\"https:\/\/www.europesays.com\/de\/wp-content\/uploads\/2026\/02\/20250108_highlightspiel_3.jpg&#038;crop=0x0x8640x5400&#038;resize=1280x800&#038;dt=202501081023580.jpeg\" data-size=\"1280x800\"\/>\u00a9 1. FC K\u00f6ln<\/p>\n<p>Der 1. FC K\u00f6ln verspricht wieder ein gro\u00dfes Fu\u00dfballfest f\u00fcr Familien und Fans. Zum vierten Mal spielen die FC-Frauen im gro\u00dfen Stadion und der Run auf Tickets war jedes Mal gro\u00df. Daran wolle man ankn\u00fcpfen, sagt Nicole Bender-Rummler, Bereichsleiterin Frauenfu\u00dfball. Beide Mannschaften seien in Topform. Die FC-Frauen w\u00fcrden alles daran setzen, dass das Tr\u00f6mmelche im Stadion erklinge und die Fans Grund zum Jubeln haben. Die <\/p>\n<p>FC-Frauen haben aktuell einen Vereinsrekord aufgestellt: zum ersten Mal hat die Frauen-Mannschaft nach 15 Spieltagen schon 24 Punkte.\u00a0(SR|DD)<\/p>\n","protected":false},"excerpt":{"rendered":"Ver\u00f6ffentlicht:\u00a0Montag, 09.02.2026 18:47 Die Frauenmannschaft des 1. FC K\u00f6ln steht vor ihrem n\u00e4chsten gro\u00dfen Spiel im RheinEnergieSTADION.\u00a0Sie empfangen&hellip;\n","protected":false},"author":2,"featured_media":784627,"comment_status":"","ping_status":"","sticky":false,"template":"","format":"standard","meta":{"footnotes":"","_share_on_mastodon":"0"},"categories":[1828],"tags":[29,25655,30,1420,1209],"class_list":["post-784626","post","type-post","status-publish","format-standard","has-post-thumbnail","category-koeln","tag-deutschland","tag-effzeh","tag-germany","tag-koeln","tag-nordrhein-westfalen"],"share_on_mastodon":{"url":"https:\/\/pubeurope.com\/@de\/116042072470928494","error":""},"_links":{"self":[{"href":"https:\/\/www.europesays.com\/de\/wp-json\/wp\/v2\/posts\/784626","targetHints":{"allow":["GET"]}}],"collection":[{"href":"https:\/\/www.europesays.com\/de\/wp-json\/wp\/v2\/posts"}],"about":[{"href":"https:\/\/www.europesays.com\/de\/wp-json\/wp\/v2\/types\/post"}],"author":[{"embeddable":true,"href":"https:\/\/www.europesays.com\/de\/wp-json\/wp\/v2\/users\/2"}],"replies":[{"embeddable":true,"href":"https:\/\/www.europesays.com\/de\/wp-json\/wp\/v2\/comments?post=784626"}],"version-history":[{"count":0,"href":"https:\/\/www.europesays.com\/de\/wp-json\/wp\/v2\/posts\/784626\/revisions"}],"wp:featuredmedia":[{"embeddable":true,"href":"https:\/\/www.europesays.com\/de\/wp-json\/wp\/v2\/media\/784627"}],"wp:attachment":[{"href":"https:\/\/www.europesays.com\/de\/wp-json\/wp\/v2\/media?parent=784626"}],"wp:term":[{"taxonomy":"category","embeddable":true,"href":"https:\/\/www.europesays.com\/de\/wp-json\/wp\/v2\/categories?post=784626"},{"taxonomy":"post_tag","embeddable":true,"href":"https:\/\/www.europesays.com\/de\/wp-json\/wp\/v2\/tags?post=784626"}],"curies":[{"name":"wp","href":"https:\/\/api.w.org\/{rel}","templated":true}]}}