{"id":784651,"date":"2026-02-09T18:38:21","date_gmt":"2026-02-09T18:38:21","guid":{"rendered":"https:\/\/www.europesays.com\/de\/784651\/"},"modified":"2026-02-09T18:38:21","modified_gmt":"2026-02-09T18:38:21","slug":"ich-bin-ein-rennpferd-herbert-groenemeyer-erstuermt-hannover-2","status":"publish","type":"post","link":"https:\/\/www.europesays.com\/de\/784651\/","title":{"rendered":"&#8222;Ich bin ein Rennpferd&#8220;: Herbert Gr\u00f6nemeyer erst\u00fcrmt Hannover"},"content":{"rendered":"<p>\n                Stand: 09.02.2026 15:09 Uhr<\/p>\n<p class=\"preface\">Herbert Gr\u00f6nemeyer hat in Hannover den Auftakt zur zweiten H\u00e4lfte seiner &#8222;mittendrin-akustisch&#8220;-Konzertreihe gemacht. Im Februar tourt er damit durch Deutschland, \u00d6sterreich und die Schweiz &#8211; am Dienstag ist er in Hamburg zu erleben.<\/p>\n<p class=\"textauthor\">von Svenja Estner<\/p>\n<p class=\"\">Das Konzert in Hannover ist an diesem Abend ausverkauft. Um die runde B\u00fchne in der Mitte der ZAG-Arena dr\u00e4ngeln sich aufgeregt die Fans. Dann schreitet der S\u00e4nger aus dem Ruhrpott durch die Zuschauermenge auf die B\u00fchne. Er ist l\u00e4ssig gekleidet: braunes Hemd, gr\u00fcne Cargohose, wei\u00dfe Sneaker &#8211; aber voller Elan. Nach einer kurzen Einstimmung des Publikums mit einem A-cappella-St\u00fcck zusammen mit dem Ensemble &#8222;Grenzenlos&#8220; legt er direkt mit &#8222;Bochum&#8220; los.<\/p>\n<p class=\"\">Nach diesem Kaltstart erz\u00e4hlt Gr\u00f6nemeyer, seine Crew habe ihm vor dem Auftritt noch gesagt, er solle es langsam angehen, steigern k\u00f6nne er sich dann immer noch. &#8222;Aber ich bin nun mal ein Rennpferd, das auf die B\u00fchne st\u00fcrmen und loslegen will&#8220;, sagt Gr\u00f6nemeyer. Gesagt, getan: Beim Lied &#8222;Alkohol&#8220; stellt sich der S\u00e4nger auf die Absperrungen, hinter denen das Publikum steht, klatscht H\u00e4nde ab, l\u00e4sst sich feiern und sagt: &#8222;Ich singe f\u00fcr mein Leben gern.&#8220;<\/p>\n<p>    Saxofon und Trommeln statt E-Gitarre<\/p>\n<p class=\"\">Besonders macht dieses unplugged Konzert, dass Lieder teilweise anders arrangiert werden mussten. Denn wenn E-Gitarren und Bl\u00e4ser-Samples wegfallen, muss Ersatz her. Im Song &#8222;Mambo&#8220; nimmt ein Saxofon die Hauptrolle ein, den Rhythmus bestreiten ein Schlagzeuger und ein Perkussionist mit Trommeln, Schellen, Rasseln und allem, was klingt und klappert. Da kommt gleich viel mehr Leben ins St\u00fcck.<\/p>\n<p class=\"\">F\u00fcr Songs wie &#8222;Neuer Tag&#8220; wurde extra ein Arrangement f\u00fcr ein Streichquartett geschrieben &#8211; himmlisch. &#8222;Der Weg&#8220; startet erst zerbrechlich mit Gr\u00f6nemeyers Solo-Piano und wird mit Einsetzen der Streicher herzzerrei\u00dfend. Herbert Gr\u00f6nemeyer und unplugged, das passt perfekt zusammen.<\/p>\n<p>        <img decoding=\"async\" src=\"https:\/\/www.europesays.com\/de\/wp-content\/uploads\/2026\/02\/groenemeyer-556.webp.webp\" alt=\"Herbert Gr\u00f6nemeyer breitet die Arme auf der B\u00fchne aus\" title=\"Herbert Gr\u00f6nemeyer breitet die Arme auf der B\u00fchne aus | Emil Gentes\/NDR.de\" class=\"responsive\" loading=\"lazy\"\/><\/p>\n<p>    Hannover ist stimmgewaltig und textsicher &#8211; &#8222;Herbie&#8220; schw\u00e4rmt<\/p>\n<p class=\"\">Vollkommen \u00fcberrascht ist Herbert Gr\u00f6nemeyer von der Stimmgewalt des Publikums. Nach dem Song &#8222;Demo&#8220; sagt er: &#8222;Wir haben das Lied schon oft geh\u00f6rt, aber so habe ich ein Publikum noch nie singen geh\u00f6rt.&#8220; Auch bei &#8222;Alkohol&#8220;, &#8222;Mensch&#8220; oder &#8222;Zeit, dass sich was dreht&#8220; schaut Gr\u00f6nemeyer triumphierend in die Menge, reckt den Daumen nach oben. Immer wieder bedankt er sich beim Publikum &#8222;f\u00fcr diesen sch\u00f6nen Abend&#8220;.<\/p>\n<p class=\"\">Herbert Gr\u00f6nemeyer nutzt die gro\u00dfe B\u00fchne auch f\u00fcr die dr\u00e4ngenden Themen der Zeit. &#8222;Kein Millimeter nach rechts&#8220;, sagt er. Aber auch f\u00fcr Sp\u00e4\u00dfe ist Platz. Laut Gr\u00f6nemeyer hatte der Stadtrat von Hannover einmal \u00fcberlegt die ZAG-Arena nach ihm zu benennen und sich dann dagegen entschieden. Nach diesem Konzert \u00fcberlege er, ob er es doch nochmal beim Stadtrat mit dieser Idee wagen solle, so Gr\u00f6nemeyer. Der n\u00e4chste Tour-Stopp f\u00fcr den S\u00e4nger ist Berlin. Mal sehen, ob das Publikum dort genauso textsicher ist, wie jenes in Hannover.<\/p>\n<p>        <img decoding=\"async\" src=\"https:\/\/www.europesays.com\/de\/wp-content\/uploads\/2026\/02\/herbertgroenemeyer-104.webp.webp\" alt=\"Herbert Gr\u00f6nemeyer w\u00e4hrend einer PRessekonferenz\" title=\"Herbert Gr\u00f6nemeyer w\u00e4hrend einer PRessekonferenz | picture alliance \/ Flashpic | Jens Krick\" class=\"responsive\" loading=\"lazy\"\/><\/p>\n<p>Der Podcast Urban Pop widmet sich dem Musiker, der am Dienstag in Hamburg auf seiner &#8222;Mittendrin Akustisch&#8220;-Tour zu erleben ist.<\/p>\n<p>        <img decoding=\"async\" src=\"https:\/\/www.europesays.com\/de\/wp-content\/uploads\/2026\/02\/herbert-groenemeyer-222.webp.webp\" alt=\"Herbert Gr\u00f6nemeyer mit schwarzer Brille\" title=\"Herbert Gr\u00f6nemeyer mit schwarzer Brille | Frederike Wetzel\" class=\"responsive\" loading=\"lazy\"\/><\/p>\n<p>Unplugged, aber nicht leise: Herbert Gr\u00f6nemeyer ist mit Band, Chor und Orchester unterwegs &#8211; am 10. Februar in Hamburg.<\/p>\n<p>        <img decoding=\"async\" src=\"https:\/\/www.europesays.com\/de\/wp-content\/uploads\/2026\/02\/urbanpop160.webp.webp\" alt=\"Eine Zeichnung von Herbert Gr\u00f6nemeyer jung\" title=\"Eine Zeichnung von Herbert Gr\u00f6nemeyer jung | Ocke Bandixen\" class=\"responsive\" loading=\"lazy\"\/><\/p>\n<p>Herbert Gr\u00f6nemeyer ber\u00fchrt mit seiner Musik die Menschen seit mehr als vier Jahrzehnten.<\/p>\n<p>        <img decoding=\"async\" src=\"https:\/\/www.europesays.com\/de\/wp-content\/uploads\/2026\/02\/urbanpop162.webp.webp\" alt=\"Eine Zeichnung von Herbert Gr\u00f6nemeyer\" title=\"Eine Zeichnung von Herbert Gr\u00f6nemeyer | Ocke Bandixen\" class=\"responsive\" loading=\"lazy\"\/><\/p>\n<p>Seine Lieder sind der deutsche Soundtrack dieser Zeit, sie dr\u00fccken pers\u00f6nliche Empfindungen wie auch den Zeitgeist aus.<\/p>\n<p>        <img decoding=\"async\" src=\"https:\/\/www.europesays.com\/de\/wp-content\/uploads\/2026\/02\/groenemeyer790.webp.webp\" alt=\"Der S\u00e4nger Herbert Gr\u00f6nemeyer ist zu Gast in der NDR Talk Show.\" title=\"Der S\u00e4nger Herbert Gr\u00f6nemeyer ist zu Gast in der NDR Talk Show. | NDR\/ Uwe Ernst\" class=\"responsive\" loading=\"lazy\"\/><\/p>\n<p>Am 27. Mai 2027 wird Gr\u00f6nemeyer seine Tour durch Deutschland und \u00d6sterreich beginnen. Auch in Hamburg ist ein Konzert geplant.<\/p>\n<p>        Schlagw\u00f6rter zu diesem Artikel<\/p>\n<p>            <a href=\"https:\/\/www.ndr.de\/kultur\/Promis-News-von-Stars-aus-dem-Norden,leute104.html\" rel=\"nofollow noopener\" target=\"_blank\">Leute<\/a><\/p>\n","protected":false},"excerpt":{"rendered":"Stand: 09.02.2026 15:09 Uhr Herbert Gr\u00f6nemeyer hat in Hannover den Auftakt zur zweiten H\u00e4lfte seiner &#8222;mittendrin-akustisch&#8220;-Konzertreihe gemacht. Im&hellip;\n","protected":false},"author":2,"featured_media":784652,"comment_status":"","ping_status":"","sticky":false,"template":"","format":"standard","meta":{"footnotes":"","_share_on_mastodon":"0"},"categories":[1772],"tags":[7507,29,214,30,46,51749,1310,2549,1779,810,1703,105351,215,57355],"class_list":["post-784651","post","type-post","status-publish","format-standard","has-post-thumbnail","category-musik","tag-bochum","tag-deutschland","tag-entertainment","tag-germany","tag-hannover","tag-herbert-groenemeyer","tag-konzert","tag-leute","tag-music","tag-musik","tag-pop","tag-unplugged","tag-unterhaltung","tag-zag-arena"],"share_on_mastodon":{"url":"https:\/\/pubeurope.com\/@de\/116042131767299012","error":""},"_links":{"self":[{"href":"https:\/\/www.europesays.com\/de\/wp-json\/wp\/v2\/posts\/784651","targetHints":{"allow":["GET"]}}],"collection":[{"href":"https:\/\/www.europesays.com\/de\/wp-json\/wp\/v2\/posts"}],"about":[{"href":"https:\/\/www.europesays.com\/de\/wp-json\/wp\/v2\/types\/post"}],"author":[{"embeddable":true,"href":"https:\/\/www.europesays.com\/de\/wp-json\/wp\/v2\/users\/2"}],"replies":[{"embeddable":true,"href":"https:\/\/www.europesays.com\/de\/wp-json\/wp\/v2\/comments?post=784651"}],"version-history":[{"count":0,"href":"https:\/\/www.europesays.com\/de\/wp-json\/wp\/v2\/posts\/784651\/revisions"}],"wp:featuredmedia":[{"embeddable":true,"href":"https:\/\/www.europesays.com\/de\/wp-json\/wp\/v2\/media\/784652"}],"wp:attachment":[{"href":"https:\/\/www.europesays.com\/de\/wp-json\/wp\/v2\/media?parent=784651"}],"wp:term":[{"taxonomy":"category","embeddable":true,"href":"https:\/\/www.europesays.com\/de\/wp-json\/wp\/v2\/categories?post=784651"},{"taxonomy":"post_tag","embeddable":true,"href":"https:\/\/www.europesays.com\/de\/wp-json\/wp\/v2\/tags?post=784651"}],"curies":[{"name":"wp","href":"https:\/\/api.w.org\/{rel}","templated":true}]}}