{"id":784689,"date":"2026-02-09T18:58:11","date_gmt":"2026-02-09T18:58:11","guid":{"rendered":"https:\/\/www.europesays.com\/de\/784689\/"},"modified":"2026-02-09T18:58:11","modified_gmt":"2026-02-09T18:58:11","slug":"carsharing-bald-auch-in-stadtdoerfern-landau","status":"publish","type":"post","link":"https:\/\/www.europesays.com\/de\/784689\/","title":{"rendered":"Carsharing bald auch in Stadtd\u00f6rfern? &#8211; Landau"},"content":{"rendered":"<p class=\"rhp-dpa-teaser\"><b>Der Carsharing-Anbieter Stadtmobil aus Karlsruhe verzeichnet eine steigende Nachfrage aus der S\u00fcdpfalz. Vielleicht sind demn\u00e4chst auch Landauer Ortsteile angebunden?<\/b><\/p>\n<p>Der Carsharing-Anbieter Stadtmobil aus <a class=\"rtr-entity\" data-rtr-entity=\"Karlsruhe\" data-rtr-id=\"80c7016b06fa35b3df6c5c0b41fd6df26fb493b1\" data-rtr-score=\"50.28456913827655\" data-rtr-etype=\"location\" data-rtr-index=\"21\" href=\"https:\/\/www.rheinpfalz.de\/themen\/karlsruhe?utm_source=rheinpfalz.de&amp;utm_medium=tms&amp;utm_campaign=intext\" rel=\"nofollow noopener\" target=\"_blank\">Karlsruhe<\/a> hat bei der Stadtverwaltung <a class=\"rtr-entity\" data-rtr-entity=\"Landau\" data-rtr-id=\"dc4c0b5a6e4250ad76dbb49bbfbb0f5ce3caf12d\" data-rtr-score=\"148.9118236472946\" data-rtr-etype=\"location\" data-rtr-index=\"33\" href=\"https:\/\/www.rheinpfalz.de\/lokal\/landau.html?utm_source=rheinpfalz.de&amp;utm_medium=tms&amp;utm_campaign=intext\" rel=\"nofollow noopener\" target=\"_blank\">Landau<\/a> angefragt, ob in Landauer Stadtd\u00f6rfern Stellpl\u00e4tze angeboten werden k\u00f6nnen. Das ist f\u00fcr den Dammheimer Ortsvorsteher <a class=\"rtr-entity\" data-rtr-entity=\"Florian Maier\" data-rtr-id=\"1f1effacf8df8b8752c9568d1f10cfd690698809\" data-rtr-score=\"13.977955911823647\" data-rtr-etype=\"person\" data-rtr-index=\"1\" href=\"https:\/\/www.rheinpfalz.de\/themen\/florian-maier?utm_source=rheinpfalz.de&amp;utm_medium=tms&amp;utm_campaign=intext\" rel=\"nofollow noopener\" target=\"_blank\">Florian Maier<\/a><\/p>\n<p> (SPD) zun\u00e4chst einmal eine gute Nachricht, wie er neulich<\/p>\n<p class=\"rhp-teaser\"><b>Der Carsharing-Anbieter Stadtmobil aus Karlsruhe verzeichnet eine steigende Nachfrage aus der S\u00fcdpfalz. Vielleicht sind demn\u00e4chst auch Landauer Ortsteile angebunden?<\/b><\/p>\n","protected":false},"excerpt":{"rendered":"Der Carsharing-Anbieter Stadtmobil aus Karlsruhe verzeichnet eine steigende Nachfrage aus der S\u00fcdpfalz. Vielleicht sind demn\u00e4chst auch Landauer Ortsteile&hellip;\n","protected":false},"author":2,"featured_media":784690,"comment_status":"","ping_status":"","sticky":false,"template":"","format":"standard","meta":{"footnotes":"","_share_on_mastodon":"0"},"categories":[1844],"tags":[1634,3364,29,177222,30,8903,16535,177223,4060,16935,30446,184,34781,177221],"class_list":["post-784689","post","type-post","status-publish","format-standard","has-post-thumbnail","category-karlsruhe","tag-baden-wuerttemberg","tag-de","tag-deutschland","tag-florian-maier","tag-germany","tag-karlsruhe","tag-landau","tag-lara-vetter","tag-lokal","tag-pfalz","tag-rheinpfalz","tag-spd","tag-suedpfalz","tag-toyota-aygo"],"share_on_mastodon":{"url":"https:\/\/pubeurope.com\/@de\/116042210196220640","error":""},"_links":{"self":[{"href":"https:\/\/www.europesays.com\/de\/wp-json\/wp\/v2\/posts\/784689","targetHints":{"allow":["GET"]}}],"collection":[{"href":"https:\/\/www.europesays.com\/de\/wp-json\/wp\/v2\/posts"}],"about":[{"href":"https:\/\/www.europesays.com\/de\/wp-json\/wp\/v2\/types\/post"}],"author":[{"embeddable":true,"href":"https:\/\/www.europesays.com\/de\/wp-json\/wp\/v2\/users\/2"}],"replies":[{"embeddable":true,"href":"https:\/\/www.europesays.com\/de\/wp-json\/wp\/v2\/comments?post=784689"}],"version-history":[{"count":0,"href":"https:\/\/www.europesays.com\/de\/wp-json\/wp\/v2\/posts\/784689\/revisions"}],"wp:featuredmedia":[{"embeddable":true,"href":"https:\/\/www.europesays.com\/de\/wp-json\/wp\/v2\/media\/784690"}],"wp:attachment":[{"href":"https:\/\/www.europesays.com\/de\/wp-json\/wp\/v2\/media?parent=784689"}],"wp:term":[{"taxonomy":"category","embeddable":true,"href":"https:\/\/www.europesays.com\/de\/wp-json\/wp\/v2\/categories?post=784689"},{"taxonomy":"post_tag","embeddable":true,"href":"https:\/\/www.europesays.com\/de\/wp-json\/wp\/v2\/tags?post=784689"}],"curies":[{"name":"wp","href":"https:\/\/api.w.org\/{rel}","templated":true}]}}