{"id":784707,"date":"2026-02-09T19:07:28","date_gmt":"2026-02-09T19:07:28","guid":{"rendered":"https:\/\/www.europesays.com\/de\/784707\/"},"modified":"2026-02-09T19:07:28","modified_gmt":"2026-02-09T19:07:28","slug":"stadt-wurde-fuer-ostpark-mit-preis-fuer-gruen-blaue-infrastruktur-ausgezeichnet-polis-magazin","status":"publish","type":"post","link":"https:\/\/www.europesays.com\/de\/784707\/","title":{"rendered":"Stadt wurde f\u00fcr Ostpark mit Preis f\u00fcr \u201eGr\u00fcn.Blaue Infrastruktur\u201c ausgezeichnet \u2022 polis Magazin"},"content":{"rendered":"<p>Die Stadt Bochum wurde auf der InfraTech 2026, der Fachmesse f\u00fcr Infrastruktur in Essen, f\u00fcr den OSTPARK mit dem Preis f\u00fcr \u201eGr\u00fcn.Blaue Infrastruktur\u201c 2026 ausgezeichnet. Der OSTPARK ist eines von zwei zukunftsweisenden Projekten in Bochum, die sich f\u00fcr die Internationale Gartenausstellung 2027 Ruhrgebiet qualifiziert haben.<\/p>\n<p>Diesen Artikel* weiterlesen im <strong>polisFORUM<\/strong>:<a href=\"https:\/\/www.polis-forum.com\/magazine\/article\/50047\" rel=\"nofollow noopener\" target=\"_blank\">Kostenlos registrieren oder anmelden \u2192<\/a>Zugang zu allen Beitr\u00e4gen und unserem E-Paper. Teste unser digitales CONTENT-ABO kostenlos f\u00fcr 30 Tage1.<a href=\"https:\/\/www.polis-forum.com\/shop\/products\/subscription?referer=pM-website-article\" class=\"restricted-content-info-button\" rel=\"nofollow noopener\" target=\"_blank\">Digitales<br \/><strong>CONTENT-ABO<\/strong> \u2192<\/a><img decoding=\"async\" src=\"https:\/\/www.europesays.com\/de\/wp-content\/uploads\/2025\/11\/polis-content-abo-768x440.png\" class=\"restricted-content-info-col-right\" alt=\"Illustration des digitalen CONTENT-ABOs im polisFORUM\"\/><\/p>\n","protected":false},"excerpt":{"rendered":"Die Stadt Bochum wurde auf der InfraTech 2026, der Fachmesse f\u00fcr Infrastruktur in Essen, f\u00fcr den OSTPARK mit&hellip;\n","protected":false},"author":2,"featured_media":784708,"comment_status":"","ping_status":"","sticky":false,"template":"","format":"standard","meta":{"footnotes":"","_share_on_mastodon":"0"},"categories":[1839],"tags":[7507,3364,29,30,177227,177228,27175,1209,3856],"class_list":["post-784707","post","type-post","status-publish","format-standard","has-post-thumbnail","category-bochum","tag-bochum","tag-de","tag-deutschland","tag-germany","tag-gruen-blaue-infrastruktur","tag-henning-larsen","tag-iga","tag-nordrhein-westfalen","tag-ruhrgebiet"],"share_on_mastodon":{"url":"https:\/\/pubeurope.com\/@de\/116042245464974005","error":""},"_links":{"self":[{"href":"https:\/\/www.europesays.com\/de\/wp-json\/wp\/v2\/posts\/784707","targetHints":{"allow":["GET"]}}],"collection":[{"href":"https:\/\/www.europesays.com\/de\/wp-json\/wp\/v2\/posts"}],"about":[{"href":"https:\/\/www.europesays.com\/de\/wp-json\/wp\/v2\/types\/post"}],"author":[{"embeddable":true,"href":"https:\/\/www.europesays.com\/de\/wp-json\/wp\/v2\/users\/2"}],"replies":[{"embeddable":true,"href":"https:\/\/www.europesays.com\/de\/wp-json\/wp\/v2\/comments?post=784707"}],"version-history":[{"count":0,"href":"https:\/\/www.europesays.com\/de\/wp-json\/wp\/v2\/posts\/784707\/revisions"}],"wp:featuredmedia":[{"embeddable":true,"href":"https:\/\/www.europesays.com\/de\/wp-json\/wp\/v2\/media\/784708"}],"wp:attachment":[{"href":"https:\/\/www.europesays.com\/de\/wp-json\/wp\/v2\/media?parent=784707"}],"wp:term":[{"taxonomy":"category","embeddable":true,"href":"https:\/\/www.europesays.com\/de\/wp-json\/wp\/v2\/categories?post=784707"},{"taxonomy":"post_tag","embeddable":true,"href":"https:\/\/www.europesays.com\/de\/wp-json\/wp\/v2\/tags?post=784707"}],"curies":[{"name":"wp","href":"https:\/\/api.w.org\/{rel}","templated":true}]}}