{"id":784790,"date":"2026-02-09T19:51:14","date_gmt":"2026-02-09T19:51:14","guid":{"rendered":"https:\/\/www.europesays.com\/de\/784790\/"},"modified":"2026-02-09T19:51:14","modified_gmt":"2026-02-09T19:51:14","slug":"fibe-berlin-wo-europas-finanz-und-tech-community-zusammenkommt","status":"publish","type":"post","link":"https:\/\/www.europesays.com\/de\/784790\/","title":{"rendered":"FIBE Berlin: Wo Europas Finanz- und Tech-Community zusammenkommt\u00a0"},"content":{"rendered":"<p>\n\t\t\t\t\t09. Februar 2026, 15:26 Uhr                <\/p>\n<p><strong>Berlin \u2013 Berlin ist Deutschlands f\u00fchrender FinTech-Standort und damit der ideale Ort f\u00fcr ein Festival, das die europ\u00e4ische Finanz- und Tech-Szene zusammenbringt. Mit rund 189 aktiven FinTech-Startups, mehr als 460 Millionen Euro Venture Capital\u00a0in 2024\u00a0und\u00a0einem\u00a0internationalen\u00a0Talentpoool\u00a0bietet die Hauptstadt perfekte Rahmenbedingungen f\u00fcr Austausch, Innovation und Wachstum. <\/strong><\/p>\n<p>Bei dem\u00a0<strong>Finanz- und Tech-Festival FIBE,\u00a0das genau diese Community auf einer\u00a0europ\u00e4ischen B\u00fchne vereint<\/strong>, stehen\u00a0bei der kommenden Ausgabe\u00a0am 15. und 16. April im\u00a0CityCube\u00a0in\u00a0Berlin\u00a0\u00fcber 200\u00a0Vordenkerinnen und Vordenker, u.a.\u00a0Steffen Jentsch (neu ernannter CEO von Solaris), Tamas\u00a0Giorgadse\u00a0(CEO von\u00a0Raisin), Murat Kalkan (Global Head\u00a0of\u00a0Digital Banks\u00a0bei BBVA), Yoni Assia (CEO von eToro) und Meagan\u00a0Loyst\u00a0(Gr\u00fcnderin von Gen Z VCs) als Speaker auf der B\u00fchne \u2013 Stimmen, die die Branche pr\u00e4gen und Einblicke auf h\u00f6chstem Niveau liefern.\u00a0<\/p>\n<p><img loading=\"lazy\" decoding=\"async\" width=\"453\" height=\"118\" src=\"https:\/\/www.europesays.com\/de\/wp-content\/uploads\/2026\/02\/1770666671_683_image.png\" alt=\"\" class=\"wp-image-2041237\" style=\"aspect-ratio:3.8393590252946628;width:803px;height:auto\"  \/><\/p>\n<p>v.l.n.r.: Steffen Jentsch, Tamas Giorgadse, Yoni Assia, Meagan Loyst<\/p>\n<p>FIBE\u00a0verbindet Inhalte, Innovation und Networking auf einzigartige Weise. Anders als klassische Konferenzen ist das Festival eine Arbeitsplattform: Panels, Hub Talks, Deep Dives und praxisnahe Workshops liefern handfeste Impulse, w\u00e4hrend f\u00fcr spontane Gespr\u00e4che zwischen Start-ups, Banken, Investoren und\u00a0Regulatoren\u00a0offener\u00a0Raum\u00a0geschaffen\u00a0wird.\u00a0Hier geht es nicht nur\u00a0ums\u00a0Zuh\u00f6ren, sondern um echte, sektor\u00fcbergreifende Vernetzung.\u00a0<\/p>\n<p><img loading=\"lazy\" decoding=\"async\" width=\"772\" height=\"421\" src=\"https:\/\/www.europesays.com\/de\/wp-content\/uploads\/2026\/02\/image-3.jpeg\" alt=\"\" class=\"wp-image-2041233\"  \/><\/p>\n<p>FIBE Sp\u00e4ti: Wo Impulsvortr\u00e4ge gehalten werden und Meet-and-Greets stattfinden. 2025 u.a. mit ehemaligem Paypal CEO, Dan Schulman<\/p>\n<p><strong>Eine Arbeitsplattform f\u00fcr Europas Finanzzukunft<\/strong>\u00a0<\/p>\n<p>FIBE wurde ins Leben gerufen, um Europas Finanz- und Tech-\u00d6kosystem enger zusammenzubringen \u2013 \u00fcber Sektor- und L\u00e4ndergrenzen hinweg. Ziel ist es, einen Ort zu schaffen, an dem Banken, FinTechs,\u00a0Investor:innen,\u00a0Regulator:innen\u00a0und Technologieanbieter nicht nur Trends diskutieren, sondern gemeinsam an L\u00f6sungen arbeiten. Kooperation statt Silos, Umsetzung statt reiner Vision \u2013 dieser Anspruch pr\u00e4gt Programm, Formate und Community gleicherma\u00dfen.\u00a0<\/p>\n<p><img loading=\"lazy\" decoding=\"async\" width=\"660\" height=\"440\" src=\"https:\/\/www.europesays.com\/de\/wp-content\/uploads\/2026\/02\/image-4.jpeg\" alt=\"\" class=\"wp-image-2041231\"  \/><\/p>\n<p>Masterclasses\u00a0\u00a0\u00a0\u00a0\u00a0\u00a0\u00a0\u00a0\u00a0\u00a0\u00a0\u00a0\u00a0\u00a0\u00a0\u00a0\u00a0\u00a0\u00a0\u00a0\u00a0\u00a0\u00a0\u00a0\u00a0\u00a0\u00a0\u00a0\u00a0\u00a0\u00a0\u00a0\u00a0\u00a0\u00a0\u00a0\u00a0\u00a0\u00a0\u00a0\u00a0\u00a0\u00a0\u00a0\u00a0\u00a0\u00a0\u00a0\u00a0\u00a0\u00a0\u00a0\u00a0\u00a0\u00a0\u00a0\u00a0\u00a0\u00a0\u00a0\u00a0\u00a0\u00a0\u00a0\u00a0\u00a0\u00a0\u00a0\u00a0\u00a0\u00a0\u00a0\u00a0\u00a0\u00a0\u00a0\u00a0\u00a0\u00a0\u00a0\u00a0\u00a0\u00a0\u00a0\u00a0\u00a0 \u00a0\u00a0\u00a0\u00a0\u00a0\u00a0<\/p>\n<p><img loading=\"lazy\" decoding=\"async\" width=\"265\" height=\"143\" src=\"https:\/\/www.europesays.com\/de\/wp-content\/uploads\/2026\/02\/image-2.png\" alt=\"\" class=\"wp-image-2041239\" style=\"aspect-ratio:1.8533493607256037;width:660px;height:auto\"\/><\/p>\n<p>Vortr\u00e4ge im FIBE Tiergarten, inspiriert vom Berliner Tiergarten<\/p>\n<p><strong>\u00dcbergeordnete Themen \u2013 aktuell und relevant<\/strong>\u00a0<\/p>\n<p>Damit die Vielfalt der Finanz- und Tech-Welt nicht nebeneinandersteht, sondern miteinander ins Gespr\u00e4ch kommt, ist das FIBE-Programm in sieben \u00fcbergeordnete Themenfelder gegliedert. Diese Formate strukturieren die inhaltliche Reise durch das Festival \u2013 von strategischen Branchenfragen \u00fcber Investorenperspektiven bis hin zu regulatorischen Entwicklungen und technologischen Zukunftstrends. Sie schaffen Orientierung f\u00fcr die Teilnehmenden und sorgen zugleich daf\u00fcr, dass unterschiedliche Blickwinkel bewusst aufeinandertreffen: etablierte Finanzh\u00e4user und FinTech-Scale-ups,\u00a0Investor:innen\u00a0und\u00a0Gr\u00fcnder:innen, Regulierungsbeh\u00f6rden und Innovationsf\u00fchrer.\u00a0<\/p>\n<p>In den\u00a0<strong>Hub Talks<\/strong>\u00a0diskutieren F\u00fchrungspers\u00f6nlichkeiten aus etablierten Unternehmen und Scale-ups die aktuellen Herausforderungen und Chancen des europ\u00e4ischen Finanz\u00f6kosystems \u2013 etwa Dr. Malte Dous, Managing\u00a0Director\u00a0bei\u00a0Qonto, und Anais\u00a0Monlong, Venture\u00a0Principal\u00a0bei IRIS.\u00a0<\/p>\n<p>Der\u00a0<strong>Investor\u2019s\u00a0View<\/strong>\u00a0liefert Einblicke in Markttrends, Investmentstrategien und wirtschaftliche Prognosen. Mit dabei sind unter anderem Romain\u00a0Grimal, Investment\u00a0Director\u00a0bei\u00a0BlackFin\u00a0Capital Partners, und Jessica\u00a0Holzbach, Partner &amp; CEO von 0TO9. Aktuelle strategische Entscheidungen erhalten in den\u00a0<strong>Breaking-News<\/strong>-Format\u00a0Raum \u2013 in\u00a0exklusiven\u00a0One-on-One-Interviews, unter anderem mit Murat Kalkan (Global Head\u00a0of\u00a0Digital Banks bei BBVA).\u00a0<\/p>\n<p>Technologische Zukunftsfragen stehen im Format<strong>\u00a0Fintech Trends &amp; Future Talk<\/strong>\u00a0im\u00a0Mittelpunkt.\u00a0Diskutiert wird, wie K\u00fcnstliche Intelligenz, agentenbasierte Systeme und Open Banking bestehende Gesch\u00e4ftsmodelle ver\u00e4ndern\u00a0\u2013\u00a0unter anderem mit\u00a0Alexandra Beckstein (CEO &amp; General Partner, QAI Ventures), Raffael Johnen (Co-Founder &amp; CEO\u00a0bei\u00a0auxmoney) und Maik Taro Wehmeyer (Co-Founder &amp; CEO, Taktile).\u00a0Ihr Panel\u00a0greift\u00a0beispielsweise\u00a0die Frage auf, ob agentenbasierte KI den n\u00e4chsten Entwicklungsschritt im Finanzsektor markiert oder erst am Anfang ihres Potenzials steht \u2013 ein Thema, das derzeit die strategischen Priorit\u00e4ten vieler Finanzinstitute bestimmt.\u00a0<\/p>\n<p><strong>Partnership &amp; Best Practices<\/strong>\u00a0beleuchtet erfolgreiche Kooperationen und konkrete Wachstumsstrategien, etwa mit Oliver Bilal, Head\u00a0of\u00a0EMEA Distribution\u00a0bei Invesco.\u00a0Regulatorische Dynamiken bilden den Kern von\u00a0<strong>Markets\u00a0&amp; Regulation<\/strong>. Hier diskutieren Rupert Sch\u00e4fer (BaFin) und Maike Hornung (Visa), ob\u00a0Stablecoins\u00a0bereits 2026\u00a0zur neuen Backbone\u00a0der Finanzindustrie werden \u2013 ein Panel, das kaum aktueller sein k\u00f6nnte.\u00a0<\/p>\n<p><strong>Founder Stories<\/strong>\u00a0schlie\u00dflich geben Einblick in unternehmerische Wege, Herausforderungen und\u00a0Learnings\u00a0\u2013 mit Tamas\u00a0Giorgadse\u00a0(Raisin).\u00a0<\/p>\n<p>Weitere programmatische H\u00f6hepunkte greifen zentrale Branchendebatten auf: die \u00d6ffnung von Private\u00a0Markets\u00a0f\u00fcr neue Anlegergruppen, das Spannungsfeld zwischen ESG und Sicherheitsinvestitionen im Defence-Dilemma sowie der Blick nach Frankreich im Panel \u201eSpotlight on Paris\u201c, das Europas n\u00e4chste FinTech-Wachstumsregion in den Fokus r\u00fcckt.\u00a0FIBE zeigt: Wer das Festival besucht, erh\u00e4lt\u00a0<strong>aktuelle Einblicke in die Trends der europ\u00e4ischen Finanzlandschaft<\/strong>, diskutiert Strategien mit\u00a0Expert:innen\u00a0und sammelt konkrete Impulse f\u00fcr die eigene Arbeit.\u00a0(FIBE\/mc\/hfu)<\/p>\n<p><a href=\"https:\/\/www.fibe-berlin.com\/en\/program\/program?utm_source=medienpartner_website&amp;utm_medium=display&amp;utm_campaign=fibe26_reichweite&amp;utm_term=programme&amp;utm_content=moneycap\" rel=\"nofollow noopener\" target=\"_blank\"><strong>Details zum Programm finden Sie hier<\/strong>\u2026<\/a><\/p>\n","protected":false},"excerpt":{"rendered":"09. Februar 2026, 15:26 Uhr Berlin \u2013 Berlin ist Deutschlands f\u00fchrender FinTech-Standort und damit der ideale Ort f\u00fcr&hellip;\n","protected":false},"author":2,"featured_media":784791,"comment_status":"","ping_status":"","sticky":false,"template":"","format":"standard","meta":{"footnotes":"","_share_on_mastodon":"0"},"categories":[1825],"tags":[296,29,4115,177233,5787,30,6985],"class_list":["post-784790","post","type-post","status-publish","format-standard","has-post-thumbnail","category-berlin","tag-berlin","tag-deutschland","tag-event","tag-fibe","tag-finance","tag-germany","tag-startups"],"share_on_mastodon":{"url":"https:\/\/pubeurope.com\/@de\/116042418707957478","error":""},"_links":{"self":[{"href":"https:\/\/www.europesays.com\/de\/wp-json\/wp\/v2\/posts\/784790","targetHints":{"allow":["GET"]}}],"collection":[{"href":"https:\/\/www.europesays.com\/de\/wp-json\/wp\/v2\/posts"}],"about":[{"href":"https:\/\/www.europesays.com\/de\/wp-json\/wp\/v2\/types\/post"}],"author":[{"embeddable":true,"href":"https:\/\/www.europesays.com\/de\/wp-json\/wp\/v2\/users\/2"}],"replies":[{"embeddable":true,"href":"https:\/\/www.europesays.com\/de\/wp-json\/wp\/v2\/comments?post=784790"}],"version-history":[{"count":0,"href":"https:\/\/www.europesays.com\/de\/wp-json\/wp\/v2\/posts\/784790\/revisions"}],"wp:featuredmedia":[{"embeddable":true,"href":"https:\/\/www.europesays.com\/de\/wp-json\/wp\/v2\/media\/784791"}],"wp:attachment":[{"href":"https:\/\/www.europesays.com\/de\/wp-json\/wp\/v2\/media?parent=784790"}],"wp:term":[{"taxonomy":"category","embeddable":true,"href":"https:\/\/www.europesays.com\/de\/wp-json\/wp\/v2\/categories?post=784790"},{"taxonomy":"post_tag","embeddable":true,"href":"https:\/\/www.europesays.com\/de\/wp-json\/wp\/v2\/tags?post=784790"}],"curies":[{"name":"wp","href":"https:\/\/api.w.org\/{rel}","templated":true}]}}