{"id":784795,"date":"2026-02-09T19:54:13","date_gmt":"2026-02-09T19:54:13","guid":{"rendered":"https:\/\/www.europesays.com\/de\/784795\/"},"modified":"2026-02-09T19:54:13","modified_gmt":"2026-02-09T19:54:13","slug":"reagiert-sein-bruder-romeo-auf-seine-tattoo-entfernung","status":"publish","type":"post","link":"https:\/\/www.europesays.com\/de\/784795\/","title":{"rendered":"Reagiert sein Bruder Romeo auf seine Tattoo-Entfernung?"},"content":{"rendered":"<p>Reagiert Romeo hier auf seinen Bruder? <\/p>\n<p>Der stille Streit der Beckham-S\u00f6hne<\/p>\n<p>09.02.2026 &#8211; 15:48 UhrLesedauer: 2 Min.<\/p>\n<p><a href=\"#focus-0\" class=\"transition-colors duration-200 block text-current relative\" data-sctrack=\"FocusGalleryImage.Reference\"><img fetchpriority=\"high\" data-testid=\"Opener.Image\" style=\"--lqipURL:url('https:\/\/images.t-online.de\/2026\/02\/jnR8QGHmi21u\/606x423:2192x1233\/fit-in\/150x0\/filters:blur(25)\/brooklyn-beckham-der-26-jaehrige-lebt-jetzt-mit-seiner-ehefrau-in-den-usa.jpg')\"   loading=\"eager\" src=\"https:\/\/www.europesays.com\/de\/wp-content\/uploads\/2026\/02\/brooklyn-beckham-der-26-jaehrige-lebt-jetzt-mit-seiner-ehefrau-in-den-usa.jpg\" alt=\"Brooklyn Beckham: Der 26-J\u00e4hrige lebt jetzt mit seiner Ehefrau in den USA.\" title=\"Brooklyn Beckham: Der 26-J\u00e4hrige lebt jetzt mit seiner Ehefrau in den USA.\" width=\"2192\" height=\"1233\" class=\"bg-[url:var(--lqipURL)] bg-cover bg-center flex h-full w-full max-w-full\" decoding=\"async\"\/><img style=\"--width:32;--height:32\" loading=\"lazy\" src=\"https:\/\/www.t-online.de\/s\/paper\/_next\/static\/media\/zoom-in.f7dae02f.svg\" alt=\"Vergr\u00f6\u00dfern des Bildes\" title=\"Vergr\u00f6\u00dfern des Bildes\" class=\"block h-[calc(var(--height)_\/_16_*_1rem)] w-[calc(var(--width)_\/_16_*_1rem)] max-w-none absolute bottom-8 right-8 rounded-4 bg-snow p-8\" decoding=\"async\"\/><\/a><\/p>\n<p>Brooklyn Beckham: Der 26-J\u00e4hrige lebt jetzt mit seiner Ehefrau in den USA. (Quelle: Phillip Faraone\/Getty Images for Airbnb)<\/p>\n<p class=\"font-bold text-18 leading-17\">Brooklyn Beckham l\u00f6scht Erinnerungen auf seiner Haut aus. Ein klares Signal nach au\u00dfen. Nun scheint ein anderer Beckham-Sohn ebenfalls ein Statement zu setzen.<\/p>\n<p class=\"text-18 leading-17\">Der Streit wird jetzt offenbar nicht mehr mit Worten, sondern mit Tinte ausgetragen. Nachdem <a class=\"transition-colors duration-200 cursor-pointer text-inherit no-underline text-salemsfur md:hover:text-magenta md:hover:border-magenta md:focus:text-magenta border-current border-b border-solid break-words\" href=\"https:\/\/www.t-online.de\/themen\/brooklyn-beckham\/\" data-sctrack=\"BodyAnchor\" rel=\"nofollow noopener\" target=\"_blank\">Brooklyn Beckham<\/a> \u00f6ffentlich mit seiner Familie gebrochen hatte, zog er weitere Ma\u00dfnahmen, um sich von den Beckhams zu distanzieren: Er lie\u00df sich ein Tattoo entfernen, das er seinem Vater David gewidmet hatte. Auf seinem Oberarm hatte er einen Anker mit der Aufschrift &#8222;Dad&#8220;. Mittlerweile ist das Wort nicht mehr zu lesen. Es ist nicht das erste Tattoo, das er verschwinden lie\u00df: Im vergangenen Jahr lie\u00df er auch ein Kunstwerk auf seiner Brust \u00fcberstechen \u2013 dieses hatte er seiner Mutter Victoria gewidmet.<\/p>\n<p class=\"text-18 leading-17\">Hat nun Brooklyns j\u00fcngerer Bruder Romeo auf das Tattoo-Drama reagiert? Der 23-J\u00e4hrige war in einem Tattoostudio, das Ergebnis wurde auf Instagram gepostet. Es zeigt: W\u00e4hrend Brooklyn seine Familientattoos entfernt hat, hat sich Romeo ein solches stechen lassen. In seinem Nacken steht jetzt das Wort &#8222;Family&#8220;.<\/p>\n<p class=\"text-18 leading-17\">Auch einigen Internetnutzern f\u00e4llt der Zeitpunkt der T\u00e4towierung auf. &#8222;Statement-St\u00fcck&#8220;, schrieb ein User in der Kommentarspalte. &#8222;Die Nachricht ist angekommen&#8220;, hei\u00dft es in einem weiteren Kommentar. &#8222;Komischer Zeitpunkt&#8220;, bemerkte eine dritte Person.<\/p>\n<p class=\"text-18 leading-17\">Das Familiendrama der Beckhams beherrschte vor wenigen Wochen die Schlagzeilen. Schienen David und Victoria Beckham doch das ultimative Gl\u00fcck gefunden haben. Er, der Fu\u00dfballstar, sie das Spice-Girl-Mitglied, lernten sie sich Ende der Neunzigerjahre kennen und z\u00e4hlten schnell zu den pr\u00e4gendsten Promipaaren der damaligen Zeit. Hochzeit und vier Kinder vervollst\u00e4ndigten das vermeintliche Familienidyll.<\/p>\n<p class=\"text-18 leading-17\">Doch das perfekt inszenierte Kartenhaus brach in sich zusammen, als Brooklyn, ihr \u00e4ltester Sohn, den gro\u00dfen Streit innerhalb der Beckhams \u00f6ffentlich machte. &#8222;Ich stand fast mein ganzes Leben lang unter der Kontrolle meiner Eltern&#8220;, warf er ihnen unter anderem vor. Auch seine Ehefrau, Model und Schauspielerin Nicola Peltz, h\u00e4tte sie respektlos behandelt. Die Eheleute leben heute in den <a class=\"transition-colors duration-200 cursor-pointer text-inherit no-underline text-salemsfur md:hover:text-magenta md:hover:border-magenta md:focus:text-magenta border-current border-b border-solid break-words\" href=\"https:\/\/www.t-online.de\/themen\/usa\/\" data-sctrack=\"BodyAnchor\" rel=\"nofollow noopener\" target=\"_blank\">USA<\/a>, haben auch r\u00e4umlich gro\u00dfen Abstand zu den Beckhams gewonnen.<\/p>\n","protected":false},"excerpt":{"rendered":"Reagiert Romeo hier auf seinen Bruder? Der stille Streit der Beckham-S\u00f6hne 09.02.2026 &#8211; 15:48 UhrLesedauer: 2 Min. Brooklyn&hellip;\n","protected":false},"author":2,"featured_media":784796,"comment_status":"","ping_status":"","sticky":false,"template":"","format":"standard","meta":{"footnotes":"","_share_on_mastodon":"0"},"categories":[1776],"tags":[163159,1801,29,214,30,152,1802,215,64,1715],"class_list":["post-784795","post","type-post","status-publish","format-standard","has-post-thumbnail","category-prominente","tag-brooklyn-beckham","tag-celebrities","tag-deutschland","tag-entertainment","tag-germany","tag-instagram","tag-prominente","tag-unterhaltung","tag-usa","tag-victoria-beckham"],"share_on_mastodon":{"url":"https:\/\/pubeurope.com\/@de\/116042430261397083","error":""},"_links":{"self":[{"href":"https:\/\/www.europesays.com\/de\/wp-json\/wp\/v2\/posts\/784795","targetHints":{"allow":["GET"]}}],"collection":[{"href":"https:\/\/www.europesays.com\/de\/wp-json\/wp\/v2\/posts"}],"about":[{"href":"https:\/\/www.europesays.com\/de\/wp-json\/wp\/v2\/types\/post"}],"author":[{"embeddable":true,"href":"https:\/\/www.europesays.com\/de\/wp-json\/wp\/v2\/users\/2"}],"replies":[{"embeddable":true,"href":"https:\/\/www.europesays.com\/de\/wp-json\/wp\/v2\/comments?post=784795"}],"version-history":[{"count":0,"href":"https:\/\/www.europesays.com\/de\/wp-json\/wp\/v2\/posts\/784795\/revisions"}],"wp:featuredmedia":[{"embeddable":true,"href":"https:\/\/www.europesays.com\/de\/wp-json\/wp\/v2\/media\/784796"}],"wp:attachment":[{"href":"https:\/\/www.europesays.com\/de\/wp-json\/wp\/v2\/media?parent=784795"}],"wp:term":[{"taxonomy":"category","embeddable":true,"href":"https:\/\/www.europesays.com\/de\/wp-json\/wp\/v2\/categories?post=784795"},{"taxonomy":"post_tag","embeddable":true,"href":"https:\/\/www.europesays.com\/de\/wp-json\/wp\/v2\/tags?post=784795"}],"curies":[{"name":"wp","href":"https:\/\/api.w.org\/{rel}","templated":true}]}}