{"id":784879,"date":"2026-02-09T20:44:14","date_gmt":"2026-02-09T20:44:14","guid":{"rendered":"https:\/\/www.europesays.com\/de\/784879\/"},"modified":"2026-02-09T20:44:14","modified_gmt":"2026-02-09T20:44:14","slug":"plaene-fuer-interimsfeuerwache-in-moers-vorerst-auf-eis-gelegt","status":"publish","type":"post","link":"https:\/\/www.europesays.com\/de\/784879\/","title":{"rendered":"Pl\u00e4ne f\u00fcr Interimsfeuerwache in Moers vorerst auf Eis gelegt"},"content":{"rendered":"<p class=\"text_ohne_einzug richtext text-em-55 !leading-serif mx-6 desktop:mx-0\"> Im \u00e4u\u00dfersten Fall geht es um Leben und Tod: Damit die <a href=\"https:\/\/rp-online.de\/thema\/feuerwehr\/\" rel=\"nofollow noopener\" target=\"_blank\">Feuerwehr<\/a> bei Eins\u00e4tzen alle Ecken der Stadt rechtzeitig erreicht, soll <a href=\"https:\/\/rp-online.de\/thema\/moers\/\" rel=\"nofollow noopener\" target=\"_blank\">Moers<\/a> bis zur Fertigstellung der vor Jahren beschlossenen zweiten Hauptfeuerwache eine bauliche \u00dcbergangsl\u00f6sung bekommen. Jetzt allerdings liegen die Pl\u00e4ne f\u00fcr eine Interimswache an der Franz-Haniel-Stra\u00dfe erst einmal wieder auf Eis.<\/p>\n","protected":false},"excerpt":{"rendered":"Im \u00e4u\u00dfersten Fall geht es um Leben und Tod: Damit die Feuerwehr bei Eins\u00e4tzen alle Ecken der Stadt&hellip;\n","protected":false},"author":2,"featured_media":784880,"comment_status":"","ping_status":"","sticky":false,"template":"","format":"standard","meta":{"footnotes":"","_share_on_mastodon":"0"},"categories":[1838],"tags":[3807,100300,3364,29,3715,13065,987,985,177249,21338,30,177248,177250,86088,78651,3480,1209,88282],"class_list":["post-784879","post","type-post","status-publish","format-standard","has-post-thumbnail","category-duisburg","tag-moers","tag-hauptfeuerwache","tag-de","tag-deutschland","tag-duisburg","tag-fertigstellung","tag-feuer","tag-feuerwehr","tag-feuerwehrausschusses","tag-franz","tag-germany","tag-haniel","tag-hauptfeuer","tag-interimswache","tag-kiehn","tag-minuten","tag-nordrhein-westfalen","tag-uebergangsloesung"],"share_on_mastodon":{"url":"https:\/\/pubeurope.com\/@de\/116042626929360994","error":""},"_links":{"self":[{"href":"https:\/\/www.europesays.com\/de\/wp-json\/wp\/v2\/posts\/784879","targetHints":{"allow":["GET"]}}],"collection":[{"href":"https:\/\/www.europesays.com\/de\/wp-json\/wp\/v2\/posts"}],"about":[{"href":"https:\/\/www.europesays.com\/de\/wp-json\/wp\/v2\/types\/post"}],"author":[{"embeddable":true,"href":"https:\/\/www.europesays.com\/de\/wp-json\/wp\/v2\/users\/2"}],"replies":[{"embeddable":true,"href":"https:\/\/www.europesays.com\/de\/wp-json\/wp\/v2\/comments?post=784879"}],"version-history":[{"count":0,"href":"https:\/\/www.europesays.com\/de\/wp-json\/wp\/v2\/posts\/784879\/revisions"}],"wp:featuredmedia":[{"embeddable":true,"href":"https:\/\/www.europesays.com\/de\/wp-json\/wp\/v2\/media\/784880"}],"wp:attachment":[{"href":"https:\/\/www.europesays.com\/de\/wp-json\/wp\/v2\/media?parent=784879"}],"wp:term":[{"taxonomy":"category","embeddable":true,"href":"https:\/\/www.europesays.com\/de\/wp-json\/wp\/v2\/categories?post=784879"},{"taxonomy":"post_tag","embeddable":true,"href":"https:\/\/www.europesays.com\/de\/wp-json\/wp\/v2\/tags?post=784879"}],"curies":[{"name":"wp","href":"https:\/\/api.w.org\/{rel}","templated":true}]}}