{"id":785090,"date":"2026-02-09T22:42:13","date_gmt":"2026-02-09T22:42:13","guid":{"rendered":"https:\/\/www.europesays.com\/de\/785090\/"},"modified":"2026-02-09T22:42:13","modified_gmt":"2026-02-09T22:42:13","slug":"ariel-entschuldigt-sich-bei-gil-ofarim","status":"publish","type":"post","link":"https:\/\/www.europesays.com\/de\/785090\/","title":{"rendered":"Ariel entschuldigt sich bei Gil Ofarim"},"content":{"rendered":"<p>                                                                        \u00dcberraschende Wende beim Dschungel-Wiedersehen<\/p>\n<p>Doch nun gibt es eine Wende. Denn <a href=\"https:\/\/www.tvspielfilm.de\/tv-programm\/sendung\/ich-bin-ein-star-holt-mich-hier-raus,69690549eb67150fe9ec131c.html\" rel=\"nofollow noopener\" target=\"_blank\">beim gro\u00dfen Dschungelcamp-Wiedersehen<\/a> schl\u00e4gt Ariel ganz neue T\u00f6ne an und entschuldigt sich pl\u00f6tzlich bei Gil Ofarim. &#8222;Ja, ich habe ihm die Hand gegeben und gesagt: Gratuliere&#8220;, sagt die 22-J\u00e4hrige in der &#8222;Bild&#8220;-Zeitung. &#8222;Ich hatte den Sieg nicht in der Hand. Dann kann ich auch gratulieren&#8220;, so Ariel weiter.<\/p>\n<p>Ariel nach IBES: &#8222;Der Punkt war richtig, aber nicht die Art, wie ich ihn gesagt habe&#8220;<\/p>\n<p>Zwar steht Ariel zu ihrer Meinung \u2013 jedoch sind seit ihrem Auszug einige Tage vergangen und sie konnte ihr Verhalten reflektieren. &#8222;Ich war sehr laut mit meiner Meinung. [\u2026] Der Punkt war richtig, aber nicht die Art, wie ich ihn gesagt habe. Die war zu laut und vielleicht \u00fcbertrieben&#8220;, so die Ex-Dschungelcamperin \u00fcber <a href=\"https:\/\/www.tvspielfilm.de\/news\/tv\/rtl-zuschauer-haben-abgestimmt-gil-ofarim-ist-neuer-dschungelkoenig,13266525,ApplicationArticle.html\" rel=\"nofollow noopener\" target=\"_blank\">Gil Ofarim, der das Dschungelcamp 2026 gewonnen hat<\/a>.<\/p>\n<p>Dann habe sie zu ihm schlie\u00dflich gesagt: &#8222;Ich habe gesagt: Ich m\u00f6chte nicht, dass du dich angegriffen f\u00fchlst. Wenn ja, dann tut mir das leid. Das war nie meine Intention. [\u2026] Ich habe gemerkt, ich rede mit einer Wand. Das bringt gar nichts.&#8220;<\/p>\n<p>Gegen Ende von IBES kam es zu einem Schreckmoment: Denn\u00a0<a href=\"https:\/\/www.tvspielfilm.de\/news\/tv\/warte-da-ist-was-ploetzlich-stuermt-mitarbeiter-nachts-das-dschungelcamp,13266454,ApplicationArticle.html\" rel=\"nofollow noopener\" target=\"_blank\">pl\u00f6tzlich st\u00fcrmt ein Mitarbeiter nachts das Dschungelcamp<\/a>\u00a0\u2013 wegen einer Schlange.<\/p>\n","protected":false},"excerpt":{"rendered":"\u00dcberraschende Wende beim Dschungel-Wiedersehen Doch nun gibt es eine Wende. Denn beim gro\u00dfen Dschungelcamp-Wiedersehen schl\u00e4gt Ariel ganz neue&hellip;\n","protected":false},"author":2,"featured_media":785091,"comment_status":"","ping_status":"","sticky":false,"template":"","format":"standard","meta":{"footnotes":"","_share_on_mastodon":"0"},"categories":[1773],"tags":[166130,29,933,214,30,21125,640,471,1780,6963,215],"class_list":["post-785090","post","type-post","status-publish","format-standard","has-post-thumbnail","category-serien","tag-ariel","tag-deutschland","tag-dschungelcamp","tag-entertainment","tag-germany","tag-gil-ofarim","tag-rtl","tag-serien","tag-series","tag-sieg","tag-unterhaltung"],"share_on_mastodon":{"url":"https:\/\/pubeurope.com\/@de\/116043090805856504","error":""},"_links":{"self":[{"href":"https:\/\/www.europesays.com\/de\/wp-json\/wp\/v2\/posts\/785090","targetHints":{"allow":["GET"]}}],"collection":[{"href":"https:\/\/www.europesays.com\/de\/wp-json\/wp\/v2\/posts"}],"about":[{"href":"https:\/\/www.europesays.com\/de\/wp-json\/wp\/v2\/types\/post"}],"author":[{"embeddable":true,"href":"https:\/\/www.europesays.com\/de\/wp-json\/wp\/v2\/users\/2"}],"replies":[{"embeddable":true,"href":"https:\/\/www.europesays.com\/de\/wp-json\/wp\/v2\/comments?post=785090"}],"version-history":[{"count":0,"href":"https:\/\/www.europesays.com\/de\/wp-json\/wp\/v2\/posts\/785090\/revisions"}],"wp:featuredmedia":[{"embeddable":true,"href":"https:\/\/www.europesays.com\/de\/wp-json\/wp\/v2\/media\/785091"}],"wp:attachment":[{"href":"https:\/\/www.europesays.com\/de\/wp-json\/wp\/v2\/media?parent=785090"}],"wp:term":[{"taxonomy":"category","embeddable":true,"href":"https:\/\/www.europesays.com\/de\/wp-json\/wp\/v2\/categories?post=785090"},{"taxonomy":"post_tag","embeddable":true,"href":"https:\/\/www.europesays.com\/de\/wp-json\/wp\/v2\/tags?post=785090"}],"curies":[{"name":"wp","href":"https:\/\/api.w.org\/{rel}","templated":true}]}}