{"id":785120,"date":"2026-02-09T22:59:14","date_gmt":"2026-02-09T22:59:14","guid":{"rendered":"https:\/\/www.europesays.com\/de\/785120\/"},"modified":"2026-02-09T22:59:14","modified_gmt":"2026-02-09T22:59:14","slug":"generalappell-der-prinzengarde-moenchengladbach-niersradio-special","status":"publish","type":"post","link":"https:\/\/www.europesays.com\/de\/785120\/","title":{"rendered":"Generalappell der Prinzengarde M\u00f6nchengladbach | NiersRadio Special"},"content":{"rendered":"<p class=\"card__subtitle\"> Spezial-Ausgabe von NiersRadio aus M\u00f6nchengladbach <\/p>\n<p>Der Generalappell der Prinzengarde der Stadt M\u00f6nchengladbach fand am 10. Januar 2026 statt. \u00dcber die offizielle Er\u00f6ffnung der Karnevalssession 2026 spricht Moderatorin Mira unter anderem mit Stefan Wimmers, dem stellvertretenden Vorsitzenden der Prinzengarde. Auch mit Marc I. vom Prinzenpaar kommt sie ins Gespr\u00e4ch. Er bezeichnet den Generalappell als eins der Highlights der Session. Der Generalappell markiert den Aufmarsch zur Karnevalssession. In Uniformen verkleidet und mit Accessoires best\u00fcckt versammeln sich Karnevalist*innen, um die Session zu er\u00f6ffnen. Diese Montur dient typischerweise als Persiflage auf milit\u00e4rische Kleidung. <\/p>\n","protected":false},"excerpt":{"rendered":"Spezial-Ausgabe von NiersRadio aus M\u00f6nchengladbach Der Generalappell der Prinzengarde der Stadt M\u00f6nchengladbach fand am 10. Januar 2026 statt.&hellip;\n","protected":false},"author":2,"featured_media":785121,"comment_status":"","ping_status":"","sticky":false,"template":"","format":"standard","meta":{"footnotes":"","_share_on_mastodon":"0"},"categories":[1849],"tags":[13204,3364,29,548,663,3934,177288,30,13,66995,4455,14,15,1209,66999,2802,12,17284],"class_list":["post-785120","post","type-post","status-publish","format-standard","has-post-thumbnail","category-moenchengladbach","tag-karneval","tag-de","tag-deutschland","tag-eu","tag-europa","tag-europe","tag-generalappell","tag-germany","tag-headlines","tag-karnevalssession","tag-moenchengladbach","tag-nachrichten","tag-news","tag-nordrhein-westfalen","tag-prinzengarde","tag-rheinland","tag-schlagzeilen","tag-tradition"],"share_on_mastodon":{"url":"https:\/\/pubeurope.com\/@de\/116043157652537548","error":""},"_links":{"self":[{"href":"https:\/\/www.europesays.com\/de\/wp-json\/wp\/v2\/posts\/785120","targetHints":{"allow":["GET"]}}],"collection":[{"href":"https:\/\/www.europesays.com\/de\/wp-json\/wp\/v2\/posts"}],"about":[{"href":"https:\/\/www.europesays.com\/de\/wp-json\/wp\/v2\/types\/post"}],"author":[{"embeddable":true,"href":"https:\/\/www.europesays.com\/de\/wp-json\/wp\/v2\/users\/2"}],"replies":[{"embeddable":true,"href":"https:\/\/www.europesays.com\/de\/wp-json\/wp\/v2\/comments?post=785120"}],"version-history":[{"count":0,"href":"https:\/\/www.europesays.com\/de\/wp-json\/wp\/v2\/posts\/785120\/revisions"}],"wp:featuredmedia":[{"embeddable":true,"href":"https:\/\/www.europesays.com\/de\/wp-json\/wp\/v2\/media\/785121"}],"wp:attachment":[{"href":"https:\/\/www.europesays.com\/de\/wp-json\/wp\/v2\/media?parent=785120"}],"wp:term":[{"taxonomy":"category","embeddable":true,"href":"https:\/\/www.europesays.com\/de\/wp-json\/wp\/v2\/categories?post=785120"},{"taxonomy":"post_tag","embeddable":true,"href":"https:\/\/www.europesays.com\/de\/wp-json\/wp\/v2\/tags?post=785120"}],"curies":[{"name":"wp","href":"https:\/\/api.w.org\/{rel}","templated":true}]}}