{"id":785182,"date":"2026-02-09T23:33:25","date_gmt":"2026-02-09T23:33:25","guid":{"rendered":"https:\/\/www.europesays.com\/de\/785182\/"},"modified":"2026-02-09T23:33:25","modified_gmt":"2026-02-09T23:33:25","slug":"schwerer-betriebsunfall-mann-in-maschine-eingeklemmt","status":"publish","type":"post","link":"https:\/\/www.europesays.com\/de\/785182\/","title":{"rendered":"Schwerer Betriebsunfall: Mann in Maschine eingeklemmt"},"content":{"rendered":"<p>\n                Stand: 09.02.2026 16:27 Uhr<\/p>\n<p>                    <a href=\"https:\/\/www.europesays.com\/de\/wp-content\/uploads\/2026\/02\/rettungswagen316.webp.webp\" class=\"zoomimage\" title=\"Bild vergr\u00f6\u00dfern\"><\/p>\n<p>        <img decoding=\"async\" src=\"https:\/\/www.europesays.com\/de\/wp-content\/uploads\/2026\/02\/rettungswagen316.webp.webp\" alt=\"Krankenwagen im Einsatz (Symbol). aha-Mitarbeiter bei Betriebsunfall eingeklemmt.\" title=\"Notfallseelsorger k\u00fcmmerten sich laut Feuerwehr um mehrere aha-Besch\u00e4ftigte. (Themenbild) | NDR, Julius Matuschik\" class=\"responsive\" loading=\"lazy\"\/><\/p>\n<p>                    <\/a><\/p>\n<p>                    Notfallseelsorger k\u00fcmmerten sich laut Feuerwehr um mehrere aha-Besch\u00e4ftigte. (Themenbild)<\/p>\n<p class=\"\">Bei einem Betriebsunfall auf dem Gel\u00e4nde der Abfallwirtschaft Region Hannover (aha) ist am Montag ein Mann lebensgef\u00e4hrlich verletzt worden. Nach Angaben der Feuerwehr wurde der 40 Jahre alte aha-Mitarbeiter in einer Maschine eingeklemmt. Die Einsatzkr\u00e4fte mussten schweres technisches Ger\u00e4t einsetzen, um den Mann zu befreien, so ein Sprecher. Der 40-J\u00e4hrige wurde vor Ort not\u00e4rztlich versorgt und in ein Krankenhaus gebracht. Die Ermittlungen zu Ursache und Hergang des Unfalls \u00fcbernimmt die Polizei. Gesch\u00e4ftsf\u00fchrung und Belegschaft von aha dr\u00fcckten in einer Mitteilung ihre Betroffenheit aus. Man nehme den Vorfall sehr ernst und arbeite eng mit den zust\u00e4ndigen Beh\u00f6rden zusammen, hie\u00df es weiter.<\/p>\n<p>Dieses Thema im Programm:<\/p>\n<p>                NDR 1 Niedersachsen | Regional Hannover | 09.02.2026 | 15:00 Uhr<\/p>\n<p>        Schlagw\u00f6rter zu diesem Artikel<\/p>\n<p>            <a href=\"https:\/\/www.ndr.de\/nachrichten\/niedersachsen\/hannover_weser-leinegebiet\/Hannover-Aktuelle-News-und-Nachrichten,hannover18518.html\" rel=\"nofollow noopener\" target=\"_blank\">Hannover<\/a><\/p>\n","protected":false},"excerpt":{"rendered":"Stand: 09.02.2026 16:27 Uhr Notfallseelsorger k\u00fcmmerten sich laut Feuerwehr um mehrere aha-Besch\u00e4ftigte. (Themenbild) Bei einem Betriebsunfall auf dem&hellip;\n","protected":false},"author":2,"featured_media":785183,"comment_status":"","ping_status":"","sticky":false,"template":"","format":"standard","meta":{"footnotes":"","_share_on_mastodon":"0"},"categories":[1836],"tags":[4223,590,117991,3364,29,17323,985,30,46,29155,14,15,1411,121,28163],"class_list":["post-785182","post","type-post","status-publish","format-standard","has-post-thumbnail","category-hannover","tag-aha","tag-aktuell","tag-betriebsunfall","tag-de","tag-deutschland","tag-eingeklemmt","tag-feuerwehr","tag-germany","tag-hannover","tag-maschine","tag-nachrichten","tag-news","tag-niedersachsen","tag-polizei","tag-seelsorger"],"share_on_mastodon":{"url":"https:\/\/pubeurope.com\/@de\/116043291452659848","error":""},"_links":{"self":[{"href":"https:\/\/www.europesays.com\/de\/wp-json\/wp\/v2\/posts\/785182","targetHints":{"allow":["GET"]}}],"collection":[{"href":"https:\/\/www.europesays.com\/de\/wp-json\/wp\/v2\/posts"}],"about":[{"href":"https:\/\/www.europesays.com\/de\/wp-json\/wp\/v2\/types\/post"}],"author":[{"embeddable":true,"href":"https:\/\/www.europesays.com\/de\/wp-json\/wp\/v2\/users\/2"}],"replies":[{"embeddable":true,"href":"https:\/\/www.europesays.com\/de\/wp-json\/wp\/v2\/comments?post=785182"}],"version-history":[{"count":0,"href":"https:\/\/www.europesays.com\/de\/wp-json\/wp\/v2\/posts\/785182\/revisions"}],"wp:featuredmedia":[{"embeddable":true,"href":"https:\/\/www.europesays.com\/de\/wp-json\/wp\/v2\/media\/785183"}],"wp:attachment":[{"href":"https:\/\/www.europesays.com\/de\/wp-json\/wp\/v2\/media?parent=785182"}],"wp:term":[{"taxonomy":"category","embeddable":true,"href":"https:\/\/www.europesays.com\/de\/wp-json\/wp\/v2\/categories?post=785182"},{"taxonomy":"post_tag","embeddable":true,"href":"https:\/\/www.europesays.com\/de\/wp-json\/wp\/v2\/tags?post=785182"}],"curies":[{"name":"wp","href":"https:\/\/api.w.org\/{rel}","templated":true}]}}