{"id":78538,"date":"2025-05-02T13:05:09","date_gmt":"2025-05-02T13:05:09","guid":{"rendered":"https:\/\/www.europesays.com\/de\/78538\/"},"modified":"2025-05-02T13:05:09","modified_gmt":"2025-05-02T13:05:09","slug":"grosses-sommerfest-im-schaudepot-am-18-5","status":"publish","type":"post","link":"https:\/\/www.europesays.com\/de\/78538\/","title":{"rendered":"Gro\u00dfes Sommerfest im Schaudepot am 18.5."},"content":{"rendered":"<p>Am Internationalen Museumstag steht in diesem Jahr unser <strong><a href=\"https:\/\/ruhrmuseum.de\/ausstellungen\/aktuell\/das-schaudepot-des-ruhr-museums\" target=\"_self\" rel=\"noopener\">Schaudepot <\/a><\/strong>auf der Kokerei Zollverein im Mittelpunkt. Von <strong>10 bis 18 Uhr<\/strong> feiern wir am <strong>Sonntag, dem 18.5.2025<\/strong> unsere &#8222;Schatzkammer des Ruhrgebiets&#8220; mit einem gro\u00dfen Sommerfest bei<strong> freiem Eintritt <\/strong>und mit vielen <strong>kostenlosen Angeboten<\/strong>. Unsere Kurator:innen \u00f6ffnen die T\u00fcren zu 25.000 Sch\u00e4tzen aus Arch\u00e4ologie, Natur und Geschichte.\u00a0<\/p>\n<p><strong>Das Programm:<\/strong><\/p>\n<p><strong>Familienf\u00fchrungen<\/strong>: Streift durch unser riesiges Museumslager mit \u00fcber 25.000 Objekten. Unser Guide bringt euch zu den Highlights aus den drei gro\u00dfen Sammlungen zur Geologie, Arch\u00e4ologie und Geschichte. Entdeckt Riesenkristalle, Donnertiere, einen r\u00f6mischen Sarkophag und die Kohlenwagenparade. Die F\u00fchrungen sind f\u00fcr Kinder und Erwachsenen und starten <strong>st\u00fcndlich ab 10.30 Uhr.<\/strong><\/p>\n<p><strong>Kurator:innenf\u00fchrungen<\/strong>: Wie kommt ein Objekt in die Sammlung oder ins Museum? Blickt mit unseren Kurator:innen hinter die Kulissen der jeweiligen Sammlung und erfahrt aus erster Hand alles \u00fcber die Entstehung und Umsetzung des Ausstellungskonzepts. Die F\u00fchrungen f\u00fcr Erwachsene starten <strong>st\u00fcndlich ab 11 Uhr<\/strong>.<\/p>\n<p><strong>Theaterst\u00fcck f\u00fcr Familien<\/strong>:\u00a0Schattenspiel &#8222;Karag\u00f6z, der nicht gerne B\u00fccher liest&#8220;. Sibel und Serkan \u00d6zt\u00fcrk vom Theater 916 sind mit ihrem St\u00fcck &#8222;Karag\u00f6z, der nicht gerne B\u00fccher liest&#8220; zu Gast. In dem Schattenspiel entdeckt Karag\u00f6z durch ein Buch die Freude am Lesen und begibt sich auf eine fantasievolle Reise zu verschiedenen Festen in aller Welt. Die Vorf\u00fchrungen starten um\u00a0<strong>14 Uhr und um 14.45 Uhr.<\/strong><\/p>\n<p><strong>Live-Musik:<\/strong><strong>11 Uhr, 14 Uhr, 15 Uhr<\/strong><\/p>\n<p><strong>Weitere Angebote von 10 &#8211; 18 Uhr:\u00a0<\/strong><\/p>\n<p>Ein besonderes <strong>Highlight <\/strong>ist die Pr\u00e4sentation unserer <strong>aktuellsten Sammlungsneuzug\u00e4nge<\/strong>. An verschiedenen <strong>Mitmachstationen <\/strong>(Kettenflechten, Salzkristalle f\u00e4rben, Mini-Depot falten, Traumgl\u00e4ser gestalten) k\u00f6nnen kleine G\u00e4ste kreativ werden und ihre Werke nat\u00fcrlich auch als Erinnerung mit nach Hause nehmen. In <strong>Werkstattgespr\u00e4chen <\/strong>stillen unsere Restaurator:innen den Wissensdurst rund um die Restaurierung unserer Objekte. Eure Fossilien und Mineralien k\u00f6nnt ihr gern an unserer <strong>Bestimmungsstation <\/strong>unter die Lupe nehmen lassen.<\/p>\n<p>An verschiedenen St\u00e4nden gibt es <strong>Snacks und Getr\u00e4nke<\/strong> zu familienfreundlichen Preisen.\u00a0<\/p>\n<p>\u00a0<\/p>\n<p><strong>Ort:<\/strong> Schaudepot Ruhr Museum, Kokerei Zollverein, Heinrich-Imig-Str. 9, 45309 Essen.<\/p>\n<p><strong>Zeit:<\/strong> \u00a0Sonntag, 18. Mai 2025, 10 \u2013 18 Uhr<\/p>\n<p><strong>Teilnahme:<\/strong> kostenfrei (exkl.- Snacks und Getr\u00e4nke)<strong\/><\/p>\n<p>Alle Informationen rund um das Sommerfest findet ihr auch in unserem <a href=\"https:\/\/www.ruhrmuseum.de\/sommerfest\" target=\"_top\" rel=\"noopener\">Kalender<\/a>.<\/p>\n<p>\u00a0<\/p>\n<p>Am Internationalen Museumstag sind auch unsere <strong><a href=\"https:\/\/ruhrmuseum.de\/ausstellungen\/aktuell\/natur-kultur-und-geschichte-des-ruhrgebiets\" target=\"_self\" rel=\"noopener\">Dauerausstellung <\/a><\/strong>und unsere beiden Sonderausstellungen, <strong><a href=\"https:\/\/ruhrmuseum.de\/ausstellungen\/aktuell\/das-land-der-tausend-feuer-industriebilder-aus-der-sammlung-ludwig-schoenefeld\" target=\"_self\" rel=\"noopener\">&#8222;Das Land der tausend Feuer. Industriebilder aus der Sammlung Ludwig Sch\u00f6nefeld&#8220;<\/a><\/strong> und <a href=\"https:\/\/ruhrmuseum.de\/ausstellungen\/aktuell\/bilder-im-auftrag-fotografien-von-ruth-hallensleben-1931-1973\" target=\"_self\" rel=\"noopener\">&#8222;<strong>Bilder im Auftrag. Fotografien von Ruth Hallensleben 1931 &#8211; 1973&#8243;<\/strong><\/a>,\u00a0 in der Kohlenw\u00e4sche ge\u00f6ffnet und k\u00f6nnen <strong>kostenlos <\/strong>besucht werden.\u00a0<\/p>\n<p>\u00a0<\/p>\n<p><strong>Wir freuen uns auf euch.<\/strong><\/p>\n<p>\u00a0<\/p>\n","protected":false},"excerpt":{"rendered":"Am Internationalen Museumstag steht in diesem Jahr unser Schaudepot auf der Kokerei Zollverein im Mittelpunkt. Von 10 bis&hellip;\n","protected":false},"author":2,"featured_media":43258,"comment_status":"","ping_status":"","sticky":false,"template":"","format":"standard","meta":{"footnotes":""},"categories":[1848],"tags":[3364,29,548,663,3934,3658,30,2989,13,2264,14,15,1209,11359,3856,12,6647],"class_list":{"0":"post-78538","1":"post","2":"type-post","3":"status-publish","4":"format-standard","5":"has-post-thumbnail","7":"category-gelsenkirchen","8":"tag-de","9":"tag-deutschland","10":"tag-eu","11":"tag-europa","12":"tag-europe","13":"tag-gelsenkirchen","14":"tag-germany","15":"tag-geschichte","16":"tag-headlines","17":"tag-museum","18":"tag-nachrichten","19":"tag-news","20":"tag-nordrhein-westfalen","21":"tag-regionalmuseum","22":"tag-ruhrgebiet","23":"tag-schlagzeilen","24":"tag-zollverein"},"share_on_mastodon":{"url":"https:\/\/pubeurope.com\/@de\/114438388331754459","error":""},"_links":{"self":[{"href":"https:\/\/www.europesays.com\/de\/wp-json\/wp\/v2\/posts\/78538","targetHints":{"allow":["GET"]}}],"collection":[{"href":"https:\/\/www.europesays.com\/de\/wp-json\/wp\/v2\/posts"}],"about":[{"href":"https:\/\/www.europesays.com\/de\/wp-json\/wp\/v2\/types\/post"}],"author":[{"embeddable":true,"href":"https:\/\/www.europesays.com\/de\/wp-json\/wp\/v2\/users\/2"}],"replies":[{"embeddable":true,"href":"https:\/\/www.europesays.com\/de\/wp-json\/wp\/v2\/comments?post=78538"}],"version-history":[{"count":0,"href":"https:\/\/www.europesays.com\/de\/wp-json\/wp\/v2\/posts\/78538\/revisions"}],"wp:featuredmedia":[{"embeddable":true,"href":"https:\/\/www.europesays.com\/de\/wp-json\/wp\/v2\/media\/43258"}],"wp:attachment":[{"href":"https:\/\/www.europesays.com\/de\/wp-json\/wp\/v2\/media?parent=78538"}],"wp:term":[{"taxonomy":"category","embeddable":true,"href":"https:\/\/www.europesays.com\/de\/wp-json\/wp\/v2\/categories?post=78538"},{"taxonomy":"post_tag","embeddable":true,"href":"https:\/\/www.europesays.com\/de\/wp-json\/wp\/v2\/tags?post=78538"}],"curies":[{"name":"wp","href":"https:\/\/api.w.org\/{rel}","templated":true}]}}