{"id":785529,"date":"2026-02-10T02:55:12","date_gmt":"2026-02-10T02:55:12","guid":{"rendered":"https:\/\/www.europesays.com\/de\/785529\/"},"modified":"2026-02-10T02:55:12","modified_gmt":"2026-02-10T02:55:12","slug":"andreas-schicker-bleibt-geschaeftsfuehrer-der-tsg-1899-hoffenheim-tsg-hoffenheim","status":"publish","type":"post","link":"https:\/\/www.europesays.com\/de\/785529\/","title":{"rendered":"Andreas Schicker bleibt Gesch\u00e4ftsf\u00fchrer der TSG 1899 Hoffenheim \u00bb TSG Hoffenheim"},"content":{"rendered":"<p>Der Vorstand des TSG 1899 Hoffenheim e.V. hat am heutigen Montag, den 9.2.2026, getagt. Nach intensiven Gespr\u00e4chen hat der e.V.-Vorstand Andreas Schicker als Gesch\u00e4ftsf\u00fchrer bei der TSG 1899 Hoffenheim Fu\u00dfball-Spielbetriebs GmbH best\u00e4tigt. Die f\u00fcr heute angesetzte Gesellschafterversammlung hat nicht stattgefunden.<\/p>\n<p>Zudem hat Christoph Henssler in diesem Zusammenhang seinen sofortigen R\u00fccktritt als 2. Vorsitzender des e.V. bekannt gegeben: \u201eDie sportliche Entwicklung der vergangenen Monate ist ein klarer Beleg f\u00fcr die erfolgreiche und engagierte Arbeit aller Mitarbeitenden im Verein. Die TSG Hoffenheim und ihre Mitglieder standen und stehen f\u00fcr mich stets an erster Stelle. Es war mir jederzeit ein gro\u00dfes Anliegen, den Verein strukturell wie auch professionell weiterzuentwickeln. Aus tiefer Verbundenheit zu meinem Klub w\u00fcnsche ich der TSG Hoffenheim f\u00fcr die Zukunft nur das Beste und lege mein Amt mit dem heutigen Tage nieder.\u201c<\/p>\n<p>Frank Engelhardt, 3. Vorsitzender des e.V., erg\u00e4nzt: \u201eWir sind uns im e.V.-Vorstand einig, dass Andi Schicker als Gesch\u00e4ftsf\u00fchrer bei der TSG Hoffenheim gehalten werden muss.\u201c<\/p>\n<p>Der fr\u00fchere Vorstand J\u00f6rg Albrecht hat sich bereit erkl\u00e4rt, den Verein in den n\u00e4chsten vier Wochen kommissarisch gemeinsam mit Frank Engelhardt zu leiten. So wird die juristische Handlungsf\u00e4higkeit des e.V. bis zur anstehenden Wahl am 9. M\u00e4rz 2026 gew\u00e4hrleistet. Gem\u00e4\u00df Satzung ist dies m\u00f6glich, da er von Christoph Henssler und Frank Engelhardt entsprechend berufen wurde. J\u00f6rg Albrecht sagt: \u201eGerne unterst\u00fctze ich die TSG Hoffenheim in den kommenden Wochen. Es ist mir ein gro\u00dfes Anliegen, unseren Verein gemeinsam mit Frank in geordneten Bahnen zur Mitgliederversammlung zu f\u00fchren.\u201c<\/p>\n<p>    <img decoding=\"async\" src=\"https:\/\/www.europesays.com\/de\/wp-content\/uploads\/2026\/02\/tsg-app-icon.png\" alt=\"TSG App Icon\" class=\"logo\"\/><\/p>\n","protected":false},"excerpt":{"rendered":"Der Vorstand des TSG 1899 Hoffenheim e.V. hat am heutigen Montag, den 9.2.2026, getagt. Nach intensiven Gespr\u00e4chen hat&hellip;\n","protected":false},"author":2,"featured_media":785530,"comment_status":"","ping_status":"","sticky":false,"template":"","format":"standard","meta":{"footnotes":"","_share_on_mastodon":"0"},"categories":[136],"tags":[299,29,30,8844,265,8550],"class_list":["post-785529","post","type-post","status-publish","format-standard","has-post-thumbnail","category-sport","tag-bundesliga","tag-deutschland","tag-germany","tag-hoffenheim","tag-sport","tag-tsg"],"share_on_mastodon":{"url":"https:\/\/pubeurope.com\/@de\/116044085558052878","error":""},"_links":{"self":[{"href":"https:\/\/www.europesays.com\/de\/wp-json\/wp\/v2\/posts\/785529","targetHints":{"allow":["GET"]}}],"collection":[{"href":"https:\/\/www.europesays.com\/de\/wp-json\/wp\/v2\/posts"}],"about":[{"href":"https:\/\/www.europesays.com\/de\/wp-json\/wp\/v2\/types\/post"}],"author":[{"embeddable":true,"href":"https:\/\/www.europesays.com\/de\/wp-json\/wp\/v2\/users\/2"}],"replies":[{"embeddable":true,"href":"https:\/\/www.europesays.com\/de\/wp-json\/wp\/v2\/comments?post=785529"}],"version-history":[{"count":0,"href":"https:\/\/www.europesays.com\/de\/wp-json\/wp\/v2\/posts\/785529\/revisions"}],"wp:featuredmedia":[{"embeddable":true,"href":"https:\/\/www.europesays.com\/de\/wp-json\/wp\/v2\/media\/785530"}],"wp:attachment":[{"href":"https:\/\/www.europesays.com\/de\/wp-json\/wp\/v2\/media?parent=785529"}],"wp:term":[{"taxonomy":"category","embeddable":true,"href":"https:\/\/www.europesays.com\/de\/wp-json\/wp\/v2\/categories?post=785529"},{"taxonomy":"post_tag","embeddable":true,"href":"https:\/\/www.europesays.com\/de\/wp-json\/wp\/v2\/tags?post=785529"}],"curies":[{"name":"wp","href":"https:\/\/api.w.org\/{rel}","templated":true}]}}