{"id":785587,"date":"2026-02-10T03:31:39","date_gmt":"2026-02-10T03:31:39","guid":{"rendered":"https:\/\/www.europesays.com\/de\/785587\/"},"modified":"2026-02-10T03:31:39","modified_gmt":"2026-02-10T03:31:39","slug":"basketball-baldi-haelt-nba-europe-starttermin-fuer-sehr-ambitioniert-2","status":"publish","type":"post","link":"https:\/\/www.europesays.com\/de\/785587\/","title":{"rendered":"Basketball: Baldi h\u00e4lt NBA-Europe-Starttermin f\u00fcr &#8222;sehr ambitioniert&#8220;"},"content":{"rendered":"<p class=\"paragraph article__item\">Die Basketball-Liga <a class=\"rtr-entity\" href=\"https:\/\/www.zeit.de\/thema\/nba\" rel=\"nofollow noopener\" target=\"_blank\">NBA<\/a> will schon im Oktober 2027 mit ihrem Europa-Ableger starten. Ein Zeitplan, den Alba Berlins Manager Marco Baldi als gro\u00dfe Herausforderung einsch\u00e4tzt. \u00abIch halte es f\u00fcr machbar, aber es ist nat\u00fcrlich sehr ambitioniert. Das wird sehr davon abh\u00e4ngen, wie schnell man sich da einigt auf einen gemeinsamen Weg. Denn um den wird es gehen\u00bb, sagte der 63-J\u00e4hrige der Deutschen Presse-Agentur.\n<\/p>\n<p>Aktuelles<\/p>\n<p>                <a href=\"https:\/\/www.zeit.de\/2026\/03\/nba-europa-basketball-liga-expansion-fernsehrechte\" data-ct-label=\"NBA: In Europa ist noch was zu holen\" data-uuid=\"655289ac-d80f-40b5-b2ed-1f58216f5489\" rel=\"nofollow noopener\" target=\"_blank\"><\/p>\n<p>                        NBA:<br \/>\n                        In Europa ist noch was zu holen<\/p>\n<p>                <\/a><\/p>\n<p>                <a href=\"https:\/\/www.zeit.de\/sport\/2026-01\/nba-berlin-game-moritz-franz-wagner\" data-ct-label=\"NBA in Berlin: Hier funktioniert die deutsch-amerikanische Freundschaft noch\" data-uuid=\"45d52846-2719-48c4-81f3-8b87949d0ef8\" rel=\"nofollow noopener\" target=\"_blank\"><\/p>\n<p>                        NBA in Berlin:<br \/>\n                        Hier funktioniert die deutsch-amerikanische Freundschaft noch<\/p>\n<p>                <\/a><\/p>\n<p>                <a href=\"https:\/\/www.zeit.de\/kultur\/2026-01\/soft-power-europa-usa-weltordnung\" data-ct-label=\"Soft Power: Cool wechselt die Seiten\" data-uuid=\"19462667-f925-49e8-8a12-fb67ca8e03ae\" rel=\"nofollow noopener\" target=\"_blank\"><\/p>\n<p>        Z+ (abopflichtiger Inhalt);<\/p>\n<p>    Soft Power:<br \/>\n                        Cool wechselt die Seiten<\/p>\n<p>                <\/a><\/p>\n<p class=\"paragraph article__item\">Auch wenn viele zentrale Punkte noch unklar sind: Alba will in der NBA Europe unbedingt mit dabei sein. Zw\u00f6lf feste Startpl\u00e4tze soll es Berichten zufolge geben \u2013 darunter die Standorte <a class=\"rtr-entity\" href=\"https:\/\/www.zeit.de\/thema\/berlin\" rel=\"nofollow noopener\" target=\"_blank\">Berlin<\/a> und M\u00fcnchen. Dazu k\u00e4men noch vier weitere Qualifikanten. \u00abUnd das ist schon ein zentraler Unterschied im Vergleich zur NBA in den USA\u00bb, sagte Baldi.\n<\/p>\n<p>        NBA nicht 1:1 auf Europa \u00fcbertragbar        <\/p>\n<p class=\"paragraph article__item\">Das Modell soll auf <a class=\"rtr-entity\" href=\"https:\/\/www.zeit.de\/thema\/europa\" rel=\"nofollow noopener\" target=\"_blank\">Europa<\/a> zugeschnitten werden. \u00abMan begibt sich auf ein Gebiet, in dem eine Basketball-Kultur schon vorhanden ist. Und wo man nicht blind alles 1:1 aus den USA \u00fcbertragen kann\u00bb, sagte Baldi. Vor allem beim Thema Preisgestaltung. \u00abMich haben Leute nach dem NBA-Gastspiel der Orlando Magic angesprochen, ob die Preisgestaltung auch bei den Alba-Spielen so sein wird. Aber da sind wir bei weitem noch nicht\u00bb, berichtete er.\n<\/p>\n<p class=\"paragraph article__item\">Die NBA arbeitet mit dem Weltverband Fiba zusammen. \u00abMit diesen beiden wird sich dieser Markt relativ schnell strukturieren und nachvollziehbar f\u00fcr jeden werden\u00bb, sagte Baldi. Bisher habe Europa eine \u00abfragmentierte Basketballlandschaft ohne klare Wettbewerbsstruktur\u00bb.\n<\/p>\n<p class=\"paragraph article__item\">Die wirtschaftlichen Rahmenbedingungen der Liga sind noch unklar. Es gibt Berichte, dass sich die Clubs einkaufen m\u00fcssen. \u00abDa liegt nat\u00fcrlich der Teufel im Detail. Wer am Ende einen festen Startplatz bekommt, wird dann klar werden, wenn die wirtschaftlichen Dinge alle auf dem Tisch liegen\u00bb, sagte Baldi.\n<\/p>\n<p>        Entscheidung bis zum Herbst        <\/p>\n<p class=\"paragraph article__item\">Der 63-J\u00e4hrige rechnet mit Entscheidungen in den n\u00e4chsten Monaten. Bis zum Sommer oder Herbst sollte sich die Liga schon konstituieren. \u00abDiesen Vorlauf braucht man dann auch, um das alles sauber aufzustellen\u00bb, so Baldi weiter.\n<\/p>\n<p class=\"paragraph article__item\">Er sieht seinen Club sehr gut vorbereitet. \u00abWir sind ein nat\u00fcrlicher Kandidat, wenn man \u00fcber Berlin spricht. Wir haben hier die Basketball-Community wesentlich mitentwickelt\u00bb, sagte er. Auch NBA-Commissioner Adam Silver hatte Alba zuletzt in h\u00f6chsten T\u00f6nen gelobt.\n<\/p>\n<p class=\"paragraph article__item\">Bei den letzten Gespr\u00e4chen sa\u00dfen die Berliner immer mit am Tisch. Mit m\u00f6glichen Investoren und Sponsoren sind Ver\u00e4nderungen im Verein unabdingbar. \u00abKlar, dass wir uns verst\u00e4rken m\u00fcssen. Sowohl bei der Organisation als auch bei der Mannschaft\u00bb, sagte der Gesch\u00e4ftsf\u00fchrer.\n<\/p>\n<p class=\"paragraph article__item\">\u00a9 dpa-infocom, dpa:260130-930-616905\/1<\/p>\n","protected":false},"excerpt":{"rendered":"Die Basketball-Liga NBA will schon im Oktober 2027 mit ihrem Europa-Ableger starten. Ein Zeitplan, den Alba Berlins Manager&hellip;\n","protected":false},"author":2,"featured_media":785588,"comment_status":"","ping_status":"","sticky":false,"template":"","format":"standard","meta":{"footnotes":"","_share_on_mastodon":"0"},"categories":[3933],"tags":[331,332,2471,2493,296,2520,548,663,158,3934,3935,13,39999,14,15918,15,12,64],"class_list":["post-785587","post","type-post","status-publish","format-standard","has-post-thumbnail","category-eu","tag-aktuelle-nachrichten","tag-aktuelle-news","tag-alba-berlin","tag-basketball","tag-berlin","tag-deutsche-presse-agentur","tag-eu","tag-europa","tag-europaeische-union","tag-europe","tag-european-union","tag-headlines","tag-marco-baldi","tag-nachrichten","tag-nba","tag-news","tag-schlagzeilen","tag-usa"],"share_on_mastodon":{"url":"https:\/\/pubeurope.com\/@de\/116044227129522186","error":""},"_links":{"self":[{"href":"https:\/\/www.europesays.com\/de\/wp-json\/wp\/v2\/posts\/785587","targetHints":{"allow":["GET"]}}],"collection":[{"href":"https:\/\/www.europesays.com\/de\/wp-json\/wp\/v2\/posts"}],"about":[{"href":"https:\/\/www.europesays.com\/de\/wp-json\/wp\/v2\/types\/post"}],"author":[{"embeddable":true,"href":"https:\/\/www.europesays.com\/de\/wp-json\/wp\/v2\/users\/2"}],"replies":[{"embeddable":true,"href":"https:\/\/www.europesays.com\/de\/wp-json\/wp\/v2\/comments?post=785587"}],"version-history":[{"count":0,"href":"https:\/\/www.europesays.com\/de\/wp-json\/wp\/v2\/posts\/785587\/revisions"}],"wp:featuredmedia":[{"embeddable":true,"href":"https:\/\/www.europesays.com\/de\/wp-json\/wp\/v2\/media\/785588"}],"wp:attachment":[{"href":"https:\/\/www.europesays.com\/de\/wp-json\/wp\/v2\/media?parent=785587"}],"wp:term":[{"taxonomy":"category","embeddable":true,"href":"https:\/\/www.europesays.com\/de\/wp-json\/wp\/v2\/categories?post=785587"},{"taxonomy":"post_tag","embeddable":true,"href":"https:\/\/www.europesays.com\/de\/wp-json\/wp\/v2\/tags?post=785587"}],"curies":[{"name":"wp","href":"https:\/\/api.w.org\/{rel}","templated":true}]}}